{"id":3620,"date":"2018-09-06T14:47:00","date_gmt":"2018-09-06T14:47:00","guid":{"rendered":"http:\/\/www.hcdvillademerlo.com.ar\/?p=3620"},"modified":"2018-09-06T14:47:00","modified_gmt":"2018-09-06T14:47:00","slug":"orden-del-dia-sesion-ordinaria-fecha-06-de-setiembre-de-2018-acta-n-024-hcd-2018","status":"publish","type":"post","link":"https:\/\/hcdvillademerlo.com\/index.php\/2018\/09\/06\/orden-del-dia-sesion-ordinaria-fecha-06-de-setiembre-de-2018-acta-n-024-hcd-2018\/","title":{"rendered":"ORDEN DEL D\u00cdA &#8211; SESI\u00d3N ORDINARIA FECHA: 06 DE SETIEMBRE DE 2018 ACTA N\u00b0 024-HCD-2018.-"},"content":{"rendered":"<h2 style=\"text-align: center;\"><u><span style=\"vertical-align: inherit;\"><span style=\"vertical-align: inherit;\">ORDEN DEL D\u00cdA &#8211; SESI\u00d3N ORDINARIA<\/span><\/span><\/u><\/h2>\n<h2 style=\"text-align: center;\"><u><span style=\"vertical-align: inherit;\"><span style=\"vertical-align: inherit;\">FECHA: 06 DE SETIEMBRE DE 2018<\/span><\/span><\/u><\/h2>\n<h2 style=\"text-align: center;\"><u><span style=\"vertical-align: inherit;\"><span style=\"vertical-align: inherit;\">ACTA N <\/span><\/span><\/u><u><span style=\"vertical-align: inherit;\"><span style=\"vertical-align: inherit;\">\u00b0 <\/span><\/span><\/u><u><span style=\"vertical-align: inherit;\"><span style=\"vertical-align: inherit;\">024-HCD-2018.-<\/span><\/span><\/u><\/h2>\n<p>&nbsp;<br \/>\n<span style=\"font-family: georgia, palatino, serif;\"><strong><u><span style=\"vertical-align: inherit;\"><span style=\"vertical-align: inherit;\">De las Actas<\/span><\/span><\/u><span style=\"vertical-align: inherit;\"><span style=\"vertical-align: inherit;\"> :<\/span><\/span><\/strong><\/span><\/p>\n<p style=\"text-align: justify;\"><strong><u><span style=\"vertical-align: inherit;\"><span style=\"vertical-align: inherit;\">1) Lectura y Aprobaci\u00f3n de Actas Anteriores.-<\/span><\/span><\/u><\/strong><\/p>\n<ul style=\"text-align: justify;\">\n<li><span style=\"vertical-align: inherit;\"><span style=\"vertical-align: inherit;\">Acta N\u00ba 022 del d\u00eda 23 de Agosto de 2018 &#8212;&#8212;&#8212;&#8212;&#8212;&#8212;&#8212;&#8212;&#8212;&#8212;&#8212;&#8212;&#8212;- &#8212;&#8212;&#8212;&#8212;&#8212;&#8212;&#8212;-<\/span><\/span><\/li>\n<\/ul>\n<p style=\"text-align: justify;\"><strong><u><span style=\"vertical-align: inherit;\"><span style=\"vertical-align: inherit;\">De los Despachos de Comisi\u00f3n.-<\/span><\/span><\/u><\/strong><\/p>\n<p style=\"text-align: justify;\"><strong><span style=\"vertical-align: inherit;\"><span style=\"vertical-align: inherit;\">2)\u00a0 <\/span><\/span><\/strong><strong><span style=\"vertical-align: inherit;\"><span style=\"vertical-align: inherit;\">Nota R. <\/span><\/span><\/strong><strong><span style=\"vertical-align: inherit;\"><span style=\"vertical-align: inherit;\">N\u00ba 613-HCD-18.-<\/span><\/span><\/strong><span style=\"vertical-align: inherit;\"><span style=\"vertical-align: inherit;\"> Despacho de Comisi\u00f3n, Proyecto de Ordenanza, en ref .: FIJAR, los HORARIOS para el desarrollo de los Servicios de Pr\u00e1ctica Deportiva.-<\/span><\/span><\/p>\n<p style=\"text-align: justify;\"><strong><span style=\"vertical-align: inherit;\"><span style=\"vertical-align: inherit;\">3) Nota R. <\/span><\/span><\/strong><strong><span style=\"vertical-align: inherit;\"><span style=\"vertical-align: inherit;\">N\u00ba 614-HCD-18.-<\/span><\/span><\/strong><span style=\"vertical-align: inherit;\"><span style=\"vertical-align: inherit;\"> Despacho de Comisi\u00f3n, Proyecto de Ordenanza, en ref .: AUTORIZAR Cuadro de Tarifas a aplicar por los prestadores del Servicio de Remises de nuestra Ciudad.-<\/span><\/span><\/p>\n<p style=\"text-align: justify;\"><strong>4) Nota R.<\/strong><strong> N\u00ba 615-HCD-18.- <\/strong>Despacho de Comisi\u00f3n, Proyecto de Resoluci\u00f3n, en ref.: DECLARAR DE INTERES MUNICIPAL DE LA VILLA DE MERLO, SAN LUIS, el 6\u00b0 CONGRESO DE EDUCACION ESPECIAL, 5\u00b0 SIMPOSIO DE EDUCACION E INCLUSION, a realizarse el 14 de Septiembre de 2018, a las 08:00 en las instalaciones del Colegio Dr. Horacio de la Mota, de esta Villa.-<\/p>\n<p style=\"text-align: justify;\"><strong>5) Nota R.<\/strong><strong> N\u00ba 617-HCD-18.- <\/strong>Despacho de Comisi\u00f3n, Proyecto de Ordenanza, en ref.: Incorporar Figura <strong>a <\/strong>la ORDENANZA N\u00ba 949-HCD-2005, distinci\u00f3n de VECINO EJEMPLAR DE LA CIUDAD VILLA DE MERLO.-<\/p>\n<p style=\"text-align: justify;\"><strong>6) Nota R.<\/strong><strong> N\u00ba 618-HCD-18.- <\/strong>Despacho de Comisi\u00f3n, Proyecto de Nota a la Directora de Catastro Municipal, Sra. Rosana Sirka, en ref.: elevar copia de Nota presentada por el Sr. VALENTIN OMAR BECERRA, quien solicita nombre para Boulevard de \u00e9sta localidad y solicitarle nos informe sobre la Calle Becerra, Valent\u00edn en el B\u00b0 Francisca Hern\u00e1ndez.-<\/p>\n<p style=\"text-align: justify;\"><strong>7) <\/strong><strong>Nota R.<\/strong><strong> N\u00ba 619-HCD-18.- <\/strong>Despacho de Comisi\u00f3n, Proyecto de Resoluci\u00f3n en ref.: AUTORIZAR, el Proyecto de Refuncionalizaci\u00f3n y puesta en valor del Hotel conocido como Rinc\u00f3n del Canadal, cuyo propietario es el Sindicato de Luz y Fuerza de Mercedes Buenos Aires, ubicado sobre Ruta Provincial N\u00ba 5 s\/n\u00ba, de Rinc\u00f3n del Este, Villa de Merlo.-<\/p>\n<p style=\"text-align: justify;\"><strong>8) <\/strong><strong>Nota R.<\/strong><strong> N\u00ba 620-HCD-18.- <\/strong>Despacho de Comisi\u00f3n, Proyecto de Nota a la Directora de Obras Privadas de la Municipalidad de la Villa de Merlo, Arq. Antonella Laudo Malet, en ref.: reenviarle la presentaci\u00f3n realizada por la Sra. MARIA MAGDALENA RODRIGUEZ, quien plantea un problema de habilitaci\u00f3n de dos unidades para V.A.T.T. y\u00a0 solicitarle env\u00ede el Expediente completo.-<\/p>\n<p style=\"text-align: justify;\"><strong>9) <\/strong><strong>Nota R.<\/strong><strong> N\u00ba 621-HCD-18.- <\/strong>Despacho de Comisi\u00f3n, Proyecto de Nota a la Directora de Catastro Municipal, Sra. Rosana Sirka, en ref.: remitirle Expediente del Sr. Ricardo Juan Bartolom\u00e9 Garis, quien solicita aprobaci\u00f3n de subdivisi\u00f3n y solicitarle complete documentaci\u00f3n.-<\/p>\n<p style=\"text-align: justify;\"><strong>\u00a010)\u00a0<\/strong><strong>Nota R.<\/strong><strong> N\u00ba 622-HCD-18.- <\/strong>Despacho de Comisi\u00f3n:<\/p>\n<p style=\"text-align: justify;\"><strong>a)<\/strong> Proyecto de Resoluci\u00f3n, en ref.: AUTORIZAR, y a los efectos de regularizar la situaci\u00f3n planteada por el interesado, a que el Sr. MIGUEL OSCAR SALANITRO, SE ADHIERA a los t\u00e9rminos de la Ordenanza N\u00ba VIII-0663-HCD-2015. (Plan de Regularizaci\u00f3n de Obras).-<\/p>\n<p style=\"text-align: justify;\"><strong>b) <\/strong>Proyecto de Nota, a la Directora de Obras Privadas de la Municipalidad de la Villa de Merlo, Arq. Antonella Laudo Malet, en ref.: enviarle Resoluci\u00f3n dictada sobre Expte. del Sr. MIGUEL OSCAR SALANITRO y solicitarle que una vez resuelto y aprobados los Planos de Final o conforme a obra, estos sean remitidos a este H.C.D..-<\/p>\n<p style=\"text-align: justify;\"><strong>11)\u00a0<\/strong><strong>Nota R.<\/strong><strong> N\u00ba 633-HCD-18.- <\/strong>Despacho de Comisi\u00f3n, Proyecto de Ordenanza, en ref.: AUTORIZAR Cuadro de Tarifas a aplicar por los prestadores del Servicio de Taxis de nuestra Ciudad.-<\/p>\n<p style=\"text-align: justify;\"><strong>12) Nota R.<\/strong><strong> N\u00ba 634-HCD-18.- <\/strong>Despacho de Comisi\u00f3n, Proyecto de Nota al Sr. Intendente Municipal, Lic. Miguel \u00c1ngel Flores, en ref.: solicitar informes por Fiesta Privada a realizarse en el Balneario Municipal.-<\/p>\n<p style=\"text-align: justify;\"><strong>\u00a0<\/strong><\/p>\n<p style=\"text-align: justify;\"><strong><u>De los Proyectos (y\/o propuestas de los Concejales).-<\/u><\/strong><\/p>\n<p style=\"text-align: justify;\"><strong>13)\u00a0Nota R. N\u00ba 624-HCD-18.- <\/strong>Concejales del Bloque Unidad Justicialista San Luis, elevan Proyecto de Resoluci\u00f3n en ref.: Adherir a la \u201cAcci\u00f3n Declarativa de Certeza\u201d y medida cautelar promovida por el programa de Defensa del Consumidor de la provincia de San Luis, por los incrementos del servicio p\u00fablico de gas.-<\/p>\n<p style=\"text-align: justify;\"><strong>14) Nota R. N\u00ba 627-HCD-18.- <\/strong>Concejales del Bloque U.C.R-Avanzar Cambiemos por San Luis, elevan Nota a fin de que se solicite al DEM, por el \u00e1rea que corresponda, arbitre los medios para realizar el cierre perimetral del CEMENTERIO MUNICIPAL DE LA VILLA DE MERLO.-<\/p>\n<p style=\"text-align: justify;\"><strong>15) Nota R. N\u00ba 630-HCD-18.- <\/strong>Concejales del Bloque Unidad Justicialista San Luis, elevan Proyecto de Resoluci\u00f3n, con motivo de Declarar solidaridad y preocupaci\u00f3n por la situaci\u00f3n que atraviesa toda la comunidad UNIVERSITARIA.-<\/p>\n<p style=\"text-align: justify;\"><strong>16) Nota R. N\u00ba 631-HCD-18.- <\/strong>Concejales del Bloque Unidad Justicialista San Luis, solicitan tratamiento preferencial por parte del HCD, en reconocer el trabajo y trayectoria de aquellas personas que forman parte de la Memoria viva\u00a0 de nuestra ciudad, de su Cultura y su Historia.-<\/p>\n<p style=\"text-align: justify;\"><strong>17) <\/strong><strong>Nota R. N\u00ba 632-HCD-18.- <\/strong>Concejales del Bloque U.C.R-Avanzar Cambiemos por San Luis, elevan Proyecto de Ordenanza, en ref.: Prohibici\u00f3n de venta de bebidas alcoh\u00f3licas en Espect\u00e1culos Deportivos donde participen categor\u00edas inferiores.-<\/p>\n<p style=\"text-align: justify;\"><strong><u>De las Comunicaciones Oficiales.<\/u><\/strong><\/p>\n<p style=\"text-align: justify;\"><strong>18) Nota R. N\u00ba 612-HCD-18.-<\/strong> \u00c1rea Pol\u00edticas para la Discapacidad. Mujer y Familia de la Municipalidad de la Villa de Merlo, Sra. Silvia Zulema C\u00f3rdoba, invita a las actividades que se realizaran para la semana de la integraci\u00f3n, desde el d\u00eda 03 al Viernes 07 de Septiembre de 2018.- Adjunta el cronograma de actividades.-<\/p>\n<p style=\"text-align: justify;\"><strong>19) <\/strong><strong>Nota R.<\/strong><strong> N\u00ba 629-HCD-18.- <\/strong>Secretaria de Turismo y Cultura de la Municipalidad de la Villa de Merlo, Lic. Lucia Miranda, invita a la presentaci\u00f3n del Plan de Capacitaci\u00f3n Cultural y Turismo, a realizarse el d\u00eda 7 de Septiembre del corriente mes y a\u00f1o en el Sal\u00f3n del Hotel Villa de Merlo.-<\/p>\n<p style=\"text-align: justify;\"><strong><u>De los Informes (y\/o solicitudes) del D.E.M..<\/u><\/strong><\/p>\n<p style=\"text-align: justify;\"><strong>20) Nota R. N\u00ba 611-HCD-18.-<\/strong> Director de Transporte, de la Municipalidad de la Villa de Merlo, Sr. Mario Jofr\u00e9, solicita analizar en Reuni\u00f3n de Comisi\u00f3n la Ordenanza N\u00ba 893-HCD-2004, de TAXIFLET, debido que es necesario para la regulaci\u00f3n propia de este servicio.-<\/p>\n<p style=\"text-align: justify;\"><strong>21) Nota R. N\u00ba 625-HCD-18.-<\/strong> Directora de Obras Privadas de la Municipalidad de la Villa de Merlo, Arq. Antonella Laudo Malet, responde a Nota Emitida N\u00ba 021-HCD-2018, en referencia a la solicitud de permiso para construir una d\u00e1rsena, efectuada por el Sr. Fernado Meier, en representaci\u00f3n de la Remiseria \u201cAlma Comeching\u00f3n\u201d.-<\/p>\n<p style=\"text-align: justify;\"><strong>22) Nota R. N\u00ba 626-HCD-18.-<\/strong> Directora de Obras Privadas de la Municipalidad de la Villa de Merlo, Arq. Antonella Laudo Malet, eleva expediente del Sr. Bruno Broggini, el cual solicita permiso para acceder a los indicadores urban\u00edsticos en la zona R5. en la parcela de su propiedad ubicada en la zona del Barrio 207.-<\/p>\n<p style=\"text-align: justify;\"><strong>23) Nota R. N\u00ba 636-HCD-18.- <\/strong>Intendente Municipal de la Villa de Merlo, Lic. Miguel \u00c1ngel Flores, solicita la designaci\u00f3n de dos representantes para integrar la COMISION DE PRE-ADJUDICACION, con el objeto de asistir a la apertura de sobres de la Licitaci\u00f3n de Estacionamiento Medido, que se realizar\u00e1 el d\u00eda lunes 10 de Septiembre a las 10.00 hs.-<\/p>\n<p style=\"text-align: justify;\"><strong><u>De las Peticiones o Asuntos Particulares.-<\/u><\/strong><\/p>\n<p style=\"text-align: justify;\"><strong>24) Nota R.<\/strong><strong> N\u00ba 623-HCD-18.- <\/strong>Agrupacion Juvennat, solicita la Banca del Vecino para trasladar la preocupaci\u00f3n sobre el destino que se le est\u00e1 dando a los espacios p\u00fablicos.-<\/p>\n<p style=\"text-align: justify;\"><strong><span style=\"vertical-align: inherit;\"><span style=\"vertical-align: inherit;\">25) Nota R. <\/span><\/span><\/strong><strong><span style=\"vertical-align: inherit;\"><span style=\"vertical-align: inherit;\">N\u00ba 628-HCD-18.-<\/span><\/span><\/strong><span style=\"vertical-align: inherit;\"><span style=\"vertical-align: inherit;\"> Patricia Fern\u00e1ndez, solicite Declarar de Inter\u00e9s Municipal los Proyectos de Feria de Innovaci\u00f3n, Ciencia, Arte y Tecnolog\u00eda &#8220;FEN y&#8221; Bescon &#8220;pertenecientes a alumnos del Centro N\u00ba 26 Mar\u00eda Palmira Cabral de Becerra de Rinc\u00f3n del Este.-<\/span><\/span><\/p>\n<p style=\"text-align: justify;\"><strong><span style=\"vertical-align: inherit;\"><span style=\"vertical-align: inherit;\">26) Nota R. <\/span><\/span><\/strong><strong><span style=\"vertical-align: inherit;\"><span style=\"vertical-align: inherit;\">N\u00ba 635-HCD-18.-<\/span><\/span><\/strong><span style=\"vertical-align: inherit;\"><span style=\"vertical-align: inherit;\"> Sebasti\u00e1n Alejandro Alfonso, solicite prefactibilidad de rubro &#8220;Carro Gastron\u00f3mico&#8221; .-<\/span><\/span><\/p>\n<p style=\"text-align: justify;\"><strong><span style=\"vertical-align: inherit;\"><span style=\"vertical-align: inherit;\">27) Nota R. <\/span><\/span><\/strong><strong><span style=\"vertical-align: inherit;\"><span style=\"vertical-align: inherit;\">N\u00ba 637-HCD-18.-<\/span><\/span><\/strong><span style=\"vertical-align: inherit;\"><span style=\"vertical-align: inherit;\"> Propuesta del Barrio &#8220;Los Cha\u00f1ares&#8221;.<\/span><\/span><\/p>\n<p>&nbsp;<\/p>\n","protected":false},"excerpt":{"rendered":"<p>ORDEN DEL D\u00cdA &#8211; SESI\u00d3N ORDINARIA FECHA: 06 DE SETIEMBRE DE 2018 ACTA N \u00b0 024-HCD-2018.- &nbsp; De las Actas : 1) Lectura y Aprobaci\u00f3n de Actas Anteriores.- Acta N\u00ba 022 del d\u00eda 23 de Agosto de 2018 &#8212;&#8212;&#8212;&#8212;&#8212;&#8212;&#8212;&#8212;&#8212;&#8212;&#8212;&#8212;&#8212;- &#8212;&#8212;&#8212;&#8212;&#8212;&#8212;&#8212;- De los Despachos de Comisi\u00f3n.- 2)\u00a0 Nota R. N\u00ba 613-HCD-18.- Despacho de Comisi\u00f3n, Proyecto de<\/p><\/div>\n<div class=\"blog-btn\"><a href=\"https:\/\/hcdvillademerlo.com\/index.php\/2018\/09\/06\/orden-del-dia-sesion-ordinaria-fecha-06-de-setiembre-de-2018-acta-n-024-hcd-2018\/\" class=\"home-blog-btn\">Leer m\u00e1s<\/a><\/p>\n","protected":false},"author":1,"featured_media":0,"comment_status":"closed","ping_status":"closed","sticky":false,"template":"","format":"standard","meta":{"footnotes":""},"categories":[7],"tags":[],"class_list":["post-3620","post","type-post","status-publish","format-standard","hentry","category-orden-del-dia"],"_links":{"self":[{"href":"https:\/\/hcdvillademerlo.com\/index.php\/wp-json\/wp\/v2\/posts\/3620","targetHints":{"allow":["GET"]}}],"collection":[{"href":"https:\/\/hcdvillademerlo.com\/index.php\/wp-json\/wp\/v2\/posts"}],"about":[{"href":"https:\/\/hcdvillademerlo.com\/index.php\/wp-json\/wp\/v2\/types\/post"}],"author":[{"embeddable":true,"href":"https:\/\/hcdvillademerlo.com\/index.php\/wp-json\/wp\/v2\/users\/1"}],"replies":[{"embeddable":true,"href":"https:\/\/hcdvillademerlo.com\/index.php\/wp-json\/wp\/v2\/comments?post=3620"}],"version-history":[{"count":0,"href":"https:\/\/hcdvillademerlo.com\/index.php\/wp-json\/wp\/v2\/posts\/3620\/revisions"}],"wp:attachment":[{"href":"https:\/\/hcdvillademerlo.com\/index.php\/wp-json\/wp\/v2\/media?parent=3620"}],"wp:term":[{"taxonomy":"category","embeddable":true,"href":"https:\/\/hcdvillademerlo.com\/index.php\/wp-json\/wp\/v2\/categories?post=3620"},{"taxonomy":"post_tag","embeddable":true,"href":"https:\/\/hcdvillademerlo.com\/index.php\/wp-json\/wp\/v2\/tags?post=3620"}],"curies":[{"name":"wp","href":"https:\/\/api.w.org\/{rel}","templated":true}]}}