{"id":3513,"date":"2018-05-17T08:56:06","date_gmt":"2018-05-17T11:56:06","guid":{"rendered":"http:\/\/www.hcdvillademerlo.com.ar\/?p=3513"},"modified":"2018-05-17T08:56:06","modified_gmt":"2018-05-17T11:56:06","slug":"orden-del-dia-sesion-ordinaria-fecha-17-de-mayo-de-2018-acta-n-010-hcd-2018","status":"publish","type":"post","link":"https:\/\/hcdvillademerlo.com\/index.php\/2018\/05\/17\/orden-del-dia-sesion-ordinaria-fecha-17-de-mayo-de-2018-acta-n-010-hcd-2018\/","title":{"rendered":"ORDEN DEL D\u00cdA &#8211; SESI\u00d3N ORDINARIA FECHA:  17 DE MAYO DE 2018 ACTA N\u00b0 010-HCD-2018.-"},"content":{"rendered":"<h2 style=\"text-align: center;\"><u>ORDEN DEL D\u00cdA &#8211; SESI\u00d3N ORDINARIA<\/u><\/h2>\n<h2 style=\"text-align: center;\"><u>FECHA: \u00a017 DE MAYO DE 2018<\/u><\/h2>\n<h2 style=\"text-align: center;\"><u>ACTA N<\/u><u>\u00b0<\/u><u> 010-HCD-2018.-<\/u><\/h2>\n<p>&nbsp;<br \/>\n<u>De las Actas<\/u>:<br \/>\n<strong><u>1)Lectura y Aprobaci\u00f3n de Actas Anteriores.-<\/u><\/strong><br \/>\nActa\u00a0 N\u00ba 003 del d\u00eda 22 de Marzo de 2018&#8212;&#8212;&#8212;&#8212;&#8212;&#8212;&#8212;&#8212;&#8212;&#8212;&#8212;&#8212;&#8212;&#8212;&#8212;&#8212;&#8212;-<br \/>\nActa\u00a0 N\u00ba 008 del d\u00eda 26 de Abril\u00a0 de 2018&#8212;&#8212;&#8212;&#8212;&#8212;&#8212;&#8212;&#8212;&#8212;&#8212;&#8212;&#8212;&#8212;&#8212;&#8212;&#8212;&#8212;&#8212;<br \/>\n&nbsp;<br \/>\n<strong><u>De los Despachos de Comisi\u00f3n.-<\/u><\/strong><\/p>\n<p style=\"text-align: justify;\"><strong>2) Nota R.<\/strong><strong> N\u00ba 261-HCD-18.- <\/strong>Despacho de Comisi\u00f3n, Proyecto de Nota al Secretario de Gesti\u00f3n Territorial. Arq. Nicol\u00e1s Rosatti, en ref.: solicitarle produzca dictamen sobre las actuaciones y documentaci\u00f3n obrante en el Expediente de la Empresa Novamix y Novavial S.R.L.. y lo env\u00ede a este H.C.D. para su tratamiento.-<\/p>\n<p style=\"text-align: justify;\"><strong>3) Nota R.<\/strong><strong> N\u00ba 262-HCD-18.- <\/strong>Despacho de Comisi\u00f3n, Proyecto de Nota M\u00faltiple a ONGs. y otras Instituciones de la Villa de Merlo, en ref.: invitarlos\u00a0 a la realizaci\u00f3n de la\u00a0 \u201cSesi\u00f3n Extraordinaria: 05 de Junio Sesi\u00f3n Verde\u201d y tambi\u00e9n a presentar Proyectos\u00a0 referidos al tema en cuesti\u00f3n.-<\/p>\n<p style=\"text-align: justify;\"><strong>4) Nota R.<\/strong><strong> N\u00ba 263-HCD-18.- <\/strong>Despacho de Comisi\u00f3n, Proyecto de Resoluci\u00f3n, en ref.: AUTORIZAR, la prefactibilidad para efectuar la subdivisi\u00f3n del inmueble propiedad de los Sres. FLORENCIO OSCAR CABRAL y BENITA FRANCO seg\u00fan Proyecto de Divisi\u00f3n presentado, confeccionado por el Ingeniero Agrimensor Luis Enrique Ibarra.<strong>&#8211;<\/strong><\/p>\n<p style=\"text-align: justify;\"><strong>5) Nota R.<\/strong><strong> N\u00ba 264-HCD-18.- <\/strong>Despacho de Comisi\u00f3n, Proyecto de Resoluci\u00f3n, en ref.: AUTORIZAR, sobre el frente de la propiedad del Sr. DARIO OSCAR BOUZOT, a colocar en el inmueble de su propiedad, ubicado en Avda. Jos\u00e9 Mercau entre Calles Las Tres Mar\u00edas y El Chorrillo, con destino a Locales Comerciales, una d\u00e1rsena de estacionamiento p\u00fablico.-<\/p>\n<p style=\"text-align: justify;\"><strong>6) Nota R.<\/strong><strong> N\u00ba 265-HCD-18.- <\/strong>Despacho de Comisi\u00f3n, Proyecto de Nota a la Directora de Catastro Municipal, Sra. Rosana Sirka, en ref.: enviar copia de Nota Recibida N\u00ba 142-HCD-2018, ingresada por la Sra. MARIA CRISTINA FAGIANO, propietaria del Loteo Costa del Molino, sito en Ruta Pcial. N\u00b0 1, proponiendo un listado de posibles nombres para las calles del mismo y solicitarle opini\u00f3n al respecto.-<\/p>\n<p style=\"text-align: justify;\"><strong>7) Nota R.<\/strong><strong> N\u00ba 266-HCD-18.- <\/strong>Despacho de Comisi\u00f3n, Proyecto de Minuta en ref.: Solicitar al DEM, proceda a trav\u00e9s de la Secretaria que corresponda a informar respecto a la implementaci\u00f3n y recaudaci\u00f3n del cobro al acceso al filo.-<\/p>\n<p style=\"text-align: justify;\"><strong><u>De los Proyectos (y\/o propuestas de los Concejales).-<\/u><\/strong><\/p>\n<p style=\"text-align: justify;\"><strong>8) Nota R. N\u00ba 256-HCD-18.- <\/strong>Concejales del Bloque,<strong> \u201c<\/strong>Unidad Justicialista\u201d elevan Proyecto de Minuta en ref.: solicitar al D.E.M. informe sobre las actuaciones realizadas respecto al robo de motos secuestradas en las Instalaciones de Tr\u00e1nsito Municipal.-<\/p>\n<p style=\"text-align: justify;\"><strong><u>De los Informes (y\/o solicitudes) del D.E.M..-<\/u><\/strong><\/p>\n<p style=\"text-align: justify;\"><strong>9) Nota R. N\u00ba 234-HCD-18.- <\/strong>Secretaria de Hacienda de la Municipalidad de la Villa de Merlo, Srta. Cecilia Greco, responde Nota E. N\u00ba 072-HCD-18 sobre pedido de informes por solicitud de facilidades de pago de Tasas Municipales de la Sra. Rosa Alicia Miranda.-<\/p>\n<p style=\"text-align: justify;\"><strong>10) Nota R. N\u00ba 258-HCD-18.- <\/strong>Intendente Municipal, Lic. Miguel \u00c1ngel Flores, eleva terna seleccionada para ocupar el cargo de Juez de Faltas Municipal.-<\/p>\n<p style=\"text-align: justify;\"><strong><u>De las Peticiones o Asuntos Particulares.-<\/u><\/strong><\/p>\n<p style=\"text-align: justify;\"><strong>11) Nota R.<\/strong><strong> N\u00ba 233-HCD-18.- <\/strong>Sra. Cinthia Krempovich de la (Asociaci\u00f3n Civil Remiseros Alma Comechingones), solicita audiencia para tratar diferentes puntos relacionados al transporte de pasajeros de Remises.-<\/p>\n<p style=\"text-align: justify;\"><strong>12) Nota R.<\/strong><strong> N\u00ba 236-HCD-18.- <\/strong>Sra. Jimena Ben\u00edtez, solicita copia del Acta de la reuni\u00f3n realizada en el H.C.D, con la Secretaria de Desarrollo Social y Humano, Sra. Alejandra Rubiolo.- <strong>\u00a0<\/strong><\/p>\n<p style=\"text-align: justify;\"><strong>13) Nota R.<\/strong><strong> N\u00ba 255 -HCD-18.- <\/strong>Sr. Dalmiro Cuello y otros, solicitan la reasignaci\u00f3n de nombre a la calle\/pasaje de 150mts, en el tramo denominado \u201cEl Gaucho\u201d.-<\/p>\n<p style=\"text-align: justify;\"><strong>14) Nota R.<\/strong><strong> N\u00ba 257-HCD-18.- <\/strong>Sr. Jorge Oscar Giordano, eleva Proyecto de Ordenanza, en ref.: Modificaci\u00f3n Ordenanza N\u00ba 477-HCD-12 de Transporte Tur\u00edstico.-<\/p>\n<p style=\"text-align: justify;\"><strong>15) Nota R.<\/strong><strong> N\u00ba 259-HCD-18.- <\/strong>Agrimensor Miguel Sirur Flores, solicita tratamiento del Expte. a nombre de la Sra. Silvia Calleja, la cual solicita aprobaci\u00f3n de plano de Mensura de Propiedad Horizontal.-<\/p>\n<p style=\"text-align: justify;\"><strong>16) Nota R.<\/strong><strong> N\u00ba 260 -HCD-18.- <\/strong>Sr. Marcos Ram\u00f3n Lugones Bogado, solicita audiencia para exponer los cambios realizados sobre su Proyecto \u201cCriadero de Conejos\u201d.-<\/p>\n<p><strong>\u00a0<\/strong><\/p>\n","protected":false},"excerpt":{"rendered":"<p>ORDEN DEL D\u00cdA &#8211; SESI\u00d3N ORDINARIA FECHA: \u00a017 DE MAYO DE 2018 ACTA N\u00b0 010-HCD-2018.- &nbsp; De las Actas: 1)Lectura y Aprobaci\u00f3n de Actas Anteriores.- Acta\u00a0 N\u00ba 003 del d\u00eda 22 de Marzo de 2018&#8212;&#8212;&#8212;&#8212;&#8212;&#8212;&#8212;&#8212;&#8212;&#8212;&#8212;&#8212;&#8212;&#8212;&#8212;&#8212;&#8212;- Acta\u00a0 N\u00ba 008 del d\u00eda 26 de Abril\u00a0 de 2018&#8212;&#8212;&#8212;&#8212;&#8212;&#8212;&#8212;&#8212;&#8212;&#8212;&#8212;&#8212;&#8212;&#8212;&#8212;&#8212;&#8212;&#8212; &nbsp; De los Despachos de Comisi\u00f3n.- 2) Nota R. N\u00ba<\/p><\/div>\n<div class=\"blog-btn\"><a href=\"https:\/\/hcdvillademerlo.com\/index.php\/2018\/05\/17\/orden-del-dia-sesion-ordinaria-fecha-17-de-mayo-de-2018-acta-n-010-hcd-2018\/\" class=\"home-blog-btn\">Leer m\u00e1s<\/a><\/p>\n","protected":false},"author":1,"featured_media":3579,"comment_status":"closed","ping_status":"closed","sticky":false,"template":"","format":"standard","meta":{"footnotes":""},"categories":[7],"tags":[],"class_list":["post-3513","post","type-post","status-publish","format-standard","has-post-thumbnail","hentry","category-orden-del-dia"],"_links":{"self":[{"href":"https:\/\/hcdvillademerlo.com\/index.php\/wp-json\/wp\/v2\/posts\/3513","targetHints":{"allow":["GET"]}}],"collection":[{"href":"https:\/\/hcdvillademerlo.com\/index.php\/wp-json\/wp\/v2\/posts"}],"about":[{"href":"https:\/\/hcdvillademerlo.com\/index.php\/wp-json\/wp\/v2\/types\/post"}],"author":[{"embeddable":true,"href":"https:\/\/hcdvillademerlo.com\/index.php\/wp-json\/wp\/v2\/users\/1"}],"replies":[{"embeddable":true,"href":"https:\/\/hcdvillademerlo.com\/index.php\/wp-json\/wp\/v2\/comments?post=3513"}],"version-history":[{"count":0,"href":"https:\/\/hcdvillademerlo.com\/index.php\/wp-json\/wp\/v2\/posts\/3513\/revisions"}],"wp:featuredmedia":[{"embeddable":true,"href":"https:\/\/hcdvillademerlo.com\/index.php\/wp-json\/"}],"wp:attachment":[{"href":"https:\/\/hcdvillademerlo.com\/index.php\/wp-json\/wp\/v2\/media?parent=3513"}],"wp:term":[{"taxonomy":"category","embeddable":true,"href":"https:\/\/hcdvillademerlo.com\/index.php\/wp-json\/wp\/v2\/categories?post=3513"},{"taxonomy":"post_tag","embeddable":true,"href":"https:\/\/hcdvillademerlo.com\/index.php\/wp-json\/wp\/v2\/tags?post=3513"}],"curies":[{"name":"wp","href":"https:\/\/api.w.org\/{rel}","templated":true}]}}