{"id":345,"date":"2016-03-02T14:15:41","date_gmt":"2016-03-02T17:15:41","guid":{"rendered":"http:\/\/hcdvillademerlo.com.ar.j8a.com.ar\/?p=345"},"modified":"2016-03-02T14:15:41","modified_gmt":"2016-03-02T17:15:41","slug":"numeracion-y-senalizacion-de-calles","status":"publish","type":"post","link":"https:\/\/hcdvillademerlo.com\/index.php\/2016\/03\/02\/numeracion-y-senalizacion-de-calles\/","title":{"rendered":"NUMERACI\u00d3N Y SE\u00d1ALIZACI\u00d3N DE CALLES"},"content":{"rendered":"<p style=\"text-align: right\">Villa De Merlo, San Luis 02 de Noviembre De 1988<\/p>\n<p style=\"text-align: center\"><strong>ORDENANZA N\u00b0 399- HCD-88<\/strong><\/p>\n<p>&nbsp;<br \/>\n<strong><u>VISTO: <\/u><\/strong><strong>\u00a0<\/strong><br \/>\nQue hasta la fecha no se ha formado la Comisi\u00f3n especial para el estudio <em>y<\/em> planificaci\u00f3n de un nuevo C\u00f3digo Urban\u00edstico &#8211; Constructivo, acorde con la \u00e9poca que vivimos \u00a0y el contin\u00fao crecimiento de nuestro pueblo, y:<br \/>\n&nbsp;<br \/>\n<strong><u>CONSIDERANDO:<\/u><\/strong><br \/>\nQu\u00e9 es prioritario un ordenamiento de calles y numeraci\u00f3n; proponemos un sistema de calles numeradas, para que sea m\u00e1s f\u00e1cil de identificarse,\u00a0 ya sea por los habitantes estables o por turistas que nos visitan peri\u00f3dicamente. Adem\u00e1s de los n\u00fameros; las calles llevar\u00e1n los nombres existentes <em>y<\/em> otros a designar. Los n\u00fameros comienzan de Sur a Norte &#8220;PAR\u201d y de Oeste a Este &#8221; IMPAR\u201d; los limites en ambos casos,\u00a0 deben iniciarse a 2.500 metros de la plaza principal de Merlo; para un mejor entendimiento acompa\u00f1amos croquis de limites <em>y<\/em> chapas de identificaci\u00f3n. Por las razones expuestas anteriormente, el HONORABLE CONCEJO DELIBERANTE DE MERLO, sanciona la presente:<\/p>\n<p style=\"text-align: center\"><strong>ORDENANZA<\/strong><\/p>\n<h2 style=\"text-align: center\"><\/h2>\n<p><strong>Art. 1\u00ba:<\/strong> Nomenclatura de las calles del Radio Urbano de Merlo: de Sur a Norte con numeraci\u00f3n &#8220;PARES\u201d y de oeste a este, con numeraci\u00f3n &#8220;IMPARES\u201d, en ambos lados, el l\u00edmite inicial se debe tomar a 2.500 metros de la plaza de Merlo. Adem\u00e1s de los n\u00fameros que identifican las calles;\u00a0 llevar\u00e1 el nombre existente y otros a designar.<br \/>\n<strong>Art. 2\u00ba:<\/strong> Las chapas identificatorias en cada esquina, llevar\u00e1 el n\u00famero que le corresponde,\u00a0 el nombre,\u00a0 la altura y la flecha que indica la mano, las medidas ser\u00e1n <u>standar<\/u> y el color debe ser: FONDO<br \/>\nBLANCO con letras AZULES o fondo NEGRO con letras BLANCAS.<br \/>\n<strong>Art. 3\u00ba: <\/strong>Los gastos que demande la presente Ordenanza en su origen, imp\u00fatese al Presupuesto de Obras P\u00fablicas\u00a0 del a\u00f1o 1989. <u>RECUPERANDO<\/u>, dicha inversi\u00f3n paulatinamente con el cobro de las chapas num\u00e9ricas \u00a0Obligatorias que\u00a0 corresponda a cada frentista. Dicha RECUPERACION, ser\u00e1 aplicada a casos de <u>EMERGENCIA<\/u>,\u00a0 no previstas en el Presupuesto, y al mantenimiento de las Zonas de Recreaci\u00f3n Tur\u00edstica,\u00a0 por ejemplo Rinc\u00f3n del Este; \u00a0Pasos Malos; Piedra Blanca; etc.<br \/>\n<strong>Art. 4<\/strong><strong>\u00b0<\/strong><strong>:<\/strong> Comun\u00edquese, Reg\u00edstrese, Publ\u00edquese y Arch\u00edvese.-<br \/>\nPresidente HCD: Francisco Catroppa<br \/>\nSecretaria HCD: Mar\u00eda de los \u00c1ngeles O. de Espasandin<br \/>\n&nbsp;<br \/>\n&nbsp;<\/p>\n","protected":false},"excerpt":{"rendered":"<p>Villa De Merlo, San Luis 02 de Noviembre De 1988 ORDENANZA N\u00b0 399- HCD-88 &nbsp; VISTO: \u00a0 Que hasta la fecha no se ha formado la Comisi\u00f3n especial para el estudio y planificaci\u00f3n de un nuevo C\u00f3digo Urban\u00edstico &#8211; Constructivo, acorde con la \u00e9poca que vivimos \u00a0y el contin\u00fao crecimiento de nuestro pueblo, y: &nbsp;<\/p><\/div>\n<div class=\"blog-btn\"><a href=\"https:\/\/hcdvillademerlo.com\/index.php\/2016\/03\/02\/numeracion-y-senalizacion-de-calles\/\" class=\"home-blog-btn\">Leer m\u00e1s<\/a><\/p>\n","protected":false},"author":1,"featured_media":0,"comment_status":"closed","ping_status":"open","sticky":false,"template":"","format":"standard","meta":{"footnotes":""},"categories":[9],"tags":[59],"class_list":["post-345","post","type-post","status-publish","format-standard","hentry","category-planeamiento-urbano","tag-calles"],"_links":{"self":[{"href":"https:\/\/hcdvillademerlo.com\/index.php\/wp-json\/wp\/v2\/posts\/345","targetHints":{"allow":["GET"]}}],"collection":[{"href":"https:\/\/hcdvillademerlo.com\/index.php\/wp-json\/wp\/v2\/posts"}],"about":[{"href":"https:\/\/hcdvillademerlo.com\/index.php\/wp-json\/wp\/v2\/types\/post"}],"author":[{"embeddable":true,"href":"https:\/\/hcdvillademerlo.com\/index.php\/wp-json\/wp\/v2\/users\/1"}],"replies":[{"embeddable":true,"href":"https:\/\/hcdvillademerlo.com\/index.php\/wp-json\/wp\/v2\/comments?post=345"}],"version-history":[{"count":0,"href":"https:\/\/hcdvillademerlo.com\/index.php\/wp-json\/wp\/v2\/posts\/345\/revisions"}],"wp:attachment":[{"href":"https:\/\/hcdvillademerlo.com\/index.php\/wp-json\/wp\/v2\/media?parent=345"}],"wp:term":[{"taxonomy":"category","embeddable":true,"href":"https:\/\/hcdvillademerlo.com\/index.php\/wp-json\/wp\/v2\/categories?post=345"},{"taxonomy":"post_tag","embeddable":true,"href":"https:\/\/hcdvillademerlo.com\/index.php\/wp-json\/wp\/v2\/tags?post=345"}],"curies":[{"name":"wp","href":"https:\/\/api.w.org\/{rel}","templated":true}]}}