{"id":3432,"date":"2018-04-16T10:32:24","date_gmt":"2018-04-16T13:32:24","guid":{"rendered":"http:\/\/www.hcdvillademerlo.com.ar\/?p=3432"},"modified":"2021-11-23T18:33:19","modified_gmt":"2021-11-23T21:33:19","slug":"3432-2","status":"publish","type":"post","link":"https:\/\/hcdvillademerlo.com\/index.php\/2018\/04\/16\/3432-2\/","title":{"rendered":"ORDENANZA N\u00ba IV- 0818-HCD-2018:   \u201cESTACIONAMIENTO MEDIDO Y FRACCIONADO\u201d"},"content":{"rendered":"<p style=\"text-align: right;\">Villa de Merlo, (San Lu\u00eds), 18 de Marzo de 2018.-<\/p>\n<p>&nbsp;<br \/>\n&nbsp;<\/p>\n<p style=\"text-align: center;\"><strong><u>ORDENANZA N\u00ba IV- 0818-HCD-2018<\/u><\/strong><\/p>\n<p style=\"text-align: center;\"><u>\u201cESTACIONAMIENTO MEDIDO Y FRACCIONADO\u201d<\/u><\/p>\n<p>&nbsp;<br \/>\n<strong><u>VISTO<\/u><\/strong><strong>: <\/strong><\/p>\n<p style=\"text-align: justify;\">La nota recibida N\u00ba 013-HCD-2018, y la Ordenanza N\u00b0 1011-06 de\u00a0 Estacionamiento Medido y Fraccionado, y:<\/p>\n<p style=\"text-align: justify;\"><strong><u>CONSIDERANDO<\/u><\/strong><strong>:<\/strong><\/p>\n<p style=\"text-align: justify;\">Que el parque automotor de la Villa de Merlo se ha incrementado considerablemente desde la sanci\u00f3n de la Ordenanza 1011 que regula el estacionamiento medido en la Ciudad.-<\/p>\n<p style=\"text-align: justify;\">Que esta ocupaci\u00f3n del espacio p\u00fablico y la organizaci\u00f3n del estacionamiento, especialmente en \u00e9poca de mayor afluencia de visitantes, siempre est\u00e1 a cargo de personal afectado a la Direcci\u00f3n de Tr\u00e1nsito Municipal.-<\/p>\n<p style=\"text-align: justify;\">Que de esta forma se est\u00e1 brindando un servicio\u00a0 que merece su retribuci\u00f3n, la que se instrumenta a trav\u00e9s de la presente, estableciendo una tasa correspondiente al estacionamiento medido y fraccionado.-<\/p>\n<p style=\"text-align: justify;\">Que este hecho imponible encuadra dentro del C\u00f3digo Tributario en su T\u00edtulo IV \u201cContribuciones que inciden sobre la ocupaci\u00f3n y comercio en la v\u00eda p\u00fablica\u201d.-<\/p>\n<p style=\"text-align: justify;\">Que atento al crecimiento de la Villa\u00a0 es preciso ampliar el per\u00edmetro de la zona\u00a0 donde se presta\u00a0 el servicio de\u00a0 Estacionamiento Medido y Fraccionado.-<\/p>\n<p style=\"text-align: justify;\">Que las normas que regulan este servicio deben establecer sanciones para los\u00a0 infractores, determinar\u00a0 la autoridad de aplicaci\u00f3n, indicar\u00a0\u00a0 la unidad de medida\u00a0 que se utilizar\u00e1 para la aplicaci\u00f3n de la sanci\u00f3n y\u00a0 el modo de ejecutar las mismas.-<\/p>\n<p style=\"text-align: justify;\"><strong>POR TODO ELLO EL HONORABLE CONCEJO DELIBERANTE DE LA CIUDAD DE VILLA DE MERLO, SAN LUIS, EN USO DE SUS ATRIBUCIONES QUE LE CONFIERE SANCIONA LA SIGUIENTE:<\/strong><\/p>\n<p style=\"text-align: center;\"><strong><u>ORDENANZA<\/u><\/strong><\/p>\n<p style=\"text-align: justify;\"><strong><u>ART\u00cdCULO 1\u00ba.-<\/u><\/strong> Cr\u00e9ase en el \u00e1mbito de la Villa de Merlo, el Sistema de Estacionamiento Medido, el que se regir\u00e1 por las disposiciones establecidas en la presente Ordenanza siendo la Autoridad de Aplicaci\u00f3n y Control la Secretaria de Gobierno a trav\u00e9s de la Direcci\u00f3n de Tr\u00e1nsito o dependencia que en el futuro la reemplace.-<\/p>\n<p style=\"text-align: justify;\"><strong><u>ARTICULO 2\u00b0.-<\/u><\/strong> Aplicar el Cobro por Estacionamiento Medido en las siguientes calles, las cuales tambi\u00e9n forman parte del anexo 1:<\/p>\n<ul style=\"text-align: justify;\">\n<li>Poeta Ag\u00fcero entre Champaqui y Huarpes<\/li>\n<li>Coronel Mercau entre Cerro Blanco y Comechingones<\/li>\n<li>Presb\u00edtero Becerra entre Avenida del Sol y Comechingones<\/li>\n<li>Coronel Pringles entre Avenida del Sol y Comechingones<\/li>\n<li>Huarpes y su continuaci\u00f3n Comechingones entre Poeta Ag\u00fcero y Coronel Pringles<\/li>\n<li>La Tonada entre Presb\u00edtero Becerra y Coronel Mercau<\/li>\n<li>Presidente Per\u00f3n entre Poeta Ag\u00fcero y Becerra<\/li>\n<li>Cipr\u00e9s entre Presb\u00edtero Becerra y Poeta Conti<\/li>\n<li>Juan de Videla entre Poeta Ag\u00fcero y Becerra<\/li>\n<li>Padre Pablo Tissera entre Presb\u00edtero Becerra y Poeta Conti<\/li>\n<li>Clemente Yanson y su continuaci\u00f3n de Avenida los Almendros, entre Poeta Ag\u00fcero y Avenida del Deporte<\/li>\n<li>Sobremonte y su continuaci\u00f3n de Avenida del Sol, entre Poeta Ag\u00fcero y Avenida Dos Venados<\/li>\n<li>Poeta Conti entre Avenida del Sol y Padre Pablo Tissera<\/li>\n<li>Pedernera entre Avenida del Sol y Los Almendros<\/li>\n<li>Pedernera entre Avenida del Sol y Cerro Champaqu\u00ed<\/li>\n<li>Martin M. de G\u00fcemes entre Avenida del Sol y Los Almendros<\/li>\n<li>Los Lapachos entre Avenida del Sol y Los Almendros<\/li>\n<li>Los Lapachos entre Avenida del Sol y Neptuno<\/li>\n<li>Sargento Baigorria entre Avenida del Sol y Los Almendros<\/li>\n<li>Avenida del Deporte entre Avenida del Sol y Los Tilos<\/li>\n<li>Los Tilos entre Cnel. Pringles y P. Conti<\/li>\n<li>Avenida Eva Duarte entre Avenida del Sol y Cerro de las Ovejas.-<\/li>\n<\/ul>\n<p style=\"text-align: justify;\"><strong><u>ART\u00cdCULO 3\u00b0.-<\/u><\/strong> Estacionamiento medido y tarifado. Modalidad.<\/p>\n<p style=\"text-align: justify;\">El estacionamiento medido se materializara por medio de un sistema de control eficiente y auditable, pudiendo utilizarse una aplicaci\u00f3n celular y\/o cualquier otro sistema similar o mejor.-<\/p>\n<p style=\"text-align: justify;\"><strong><u>ARTICULO 4\u00ba.-<\/u><\/strong> La tarifa por estacionamiento medido para autos ser\u00e1 de $ 10.00 por hora y\/o fracci\u00f3n, sirviendo el comprobante expedido por dicho per\u00edodo de tiempo, para estacionar dentro de la zona delimitada.-<\/p>\n<p style=\"text-align: justify;\">Se establecer\u00e1 un canon mensual para las motocicletas, el cual surgir\u00e1 de la Reglamentaci\u00f3n de la presente Ordenanza.-<\/p>\n<p style=\"text-align: justify;\"><strong><u>ARTICULO 5\u00ba.-<\/u><\/strong>\u00a0 <strong>INCLUIR<\/strong> la Tarifa por estacionamiento medido en la Ordenanza Tarifaria.-<\/p>\n<p style=\"text-align: justify;\"><strong><u>ARTICULO 6\u00ba.-<\/u><\/strong> La vigencia del estacionamiento medido ser\u00e1 de 08.00 a 13.00 hs. y de 17.00 a 22.00 hs., en temporada alta los 7(siete) d\u00edas, y en temporada baja s\u00f3lo hasta\u00a0 los d\u00edas s\u00e1bados al mediod\u00eda.-<\/p>\n<p style=\"text-align: justify;\">Se considera temporada alta a partir del 15 de Diciembre hasta el 28 de Febrero; durante todo el mes de Julio (Vacaciones de Invierno), y fines de semana largos, teniendo en cuenta el calendario de los feriados nacionales.-<\/p>\n<p style=\"text-align: justify;\"><strong><u>ART\u00cdCULO 7\u00b0.-<\/u><\/strong> Espacio se\u00f1alizado<\/p>\n<p style=\"text-align: justify;\">El estacionamiento\u00a0 medido y tarifado se materializar\u00e1 a trav\u00e9s de espacios para estacionamiento, que se se\u00f1alizaran en la v\u00eda p\u00fablica pintadas en la acera, reservando sectores para accesos a garajes, cocheras, ascenso y descenso de pasajeros de transporte p\u00fablico y privado, hospitales, escuelas, polic\u00eda, bomberos y otros servicios p\u00fablicos autorizados por la municipalidad.<\/p>\n<p style=\"text-align: justify;\"><strong><u>ARTICULO 8\u00b0.-<\/u><\/strong> Caracter\u00edsticas de los espacios<\/p>\n<p style=\"text-align: justify;\">Estacionamiento para discapacitados: deber\u00e1 preverse espacios para discapacitados debidamente se\u00f1alizados.-<\/p>\n<p style=\"text-align: justify;\">Estacionamiento para\u00a0 Motos: deber\u00e1n preverse espacios se\u00f1alizados para el estacionamiento transversal de estos veh\u00edculos, teni\u00e9ndose en cuenta lo ya normado en la Ordenanza N\u00b0 0543-HCD-2013 (Casco Hist\u00f3rico).-<\/p>\n<p style=\"text-align: justify;\"><strong><u>ARTICULO 9\u00b0.-<\/u><\/strong> El Departamento Ejecutivo Municipal presentara al Honorable Concejo Deliberante en el balance trimestral el detalle del Cobro por Estacionamiento Medido, para el contralor de los mismos.-<\/p>\n<p style=\"text-align: justify;\"><strong><u>ART\u00cdCULO 10\u00b0-<\/u><\/strong>Se\u00f1alizaciones<\/p>\n<p style=\"text-align: justify;\">Deber\u00e1 garantizarse una se\u00f1alizaci\u00f3n visible para la comprensi\u00f3n del usuario, la carteleria correspondiente y los respectivos horarios del cobro del Estacionamiento Medido acorde a la Legislaci\u00f3n Nacional vigente.-<\/p>\n<p style=\"text-align: justify;\"><strong><u>ART\u00cdCULO 11\u00ba-<\/u><\/strong> Frentistas<\/p>\n<p style=\"text-align: justify;\">Facultar al Departamento Ejecutivo Municipal a establecer\u00a0 los beneficios que considere necesarios con vecinos que vivan dentro de las calles establecidas en el anexo 1 de la presente y que no posean garaje de estacionamiento en sus viviendas.-<\/p>\n<p style=\"text-align: justify;\"><strong><u>ART\u00cdCULO 12\u00ba-<\/u><\/strong> Eventos<\/p>\n<p style=\"text-align: justify;\">Facultar al Departamento Ejecutivo Municipal a establecer, cuando lo considere necesario, el cobro de Estacionamiento Medido en las inmediaciones de eventos y\/o fiestas cuya ubicaci\u00f3n este fuera del listado en el anexo 1, en los horarios que crea conveniente.-<\/p>\n<p style=\"text-align: justify;\">La explotaci\u00f3n de dicho servicio podr\u00e1 ser concesionado, en el porcentaje que se determine, a las O.N.Gs de nuestro medio interesadas al respecto.-<\/p>\n<p style=\"text-align: justify;\"><strong><u>ARTICULO 13\u00b0.-<\/u><\/strong> Facultar al Departamento Ejecutivo Municipal a otorgar mediante Licitaci\u00f3n P\u00fablica la tercerizaci\u00f3n del servicio a empresas privadas. Las mismas deber\u00e1n presentar un programa de ordenamiento del estacionamiento de acuerdo a la ordenanza vigente, organizaci\u00f3n y modalidades de control, debiendo ofrecer un sistema eficiente y auditable.-<\/p>\n<p style=\"text-align: justify;\">Tanto los Pliegos del llamado a Licitaci\u00f3n como el Contrato de Concesi\u00f3n, deber\u00e1n ser aprobados y homologados respectivamente por el Honorable Concejo Deliberante en un plazo no mayor a quince (15) d\u00edas, a partir de la fecha de ingreso.-<\/p>\n<p style=\"text-align: justify;\"><strong><u>ARTICULO 14\u00ba.-<\/u><\/strong> MULTAS<\/p>\n<p style=\"text-align: justify;\">ESTABLECER\u00a0 como sanci\u00f3n a los infractores de la presente Ordenanza una multa equivalente a 10 litros de nafta de mayor octanaje, cuya modalidad de cobro ser\u00e1 establecido en la Reglamentaci\u00f3n de la presente, consider\u00e1ndose tales a los que incumplan con lo establecido en los Arts. 3\u00b0 y 4\u00b0 de esta Ordenanza.-<\/p>\n<p style=\"text-align: justify;\"><strong><u>ARTICULO 15\u00ba.-<\/u><\/strong> Derogar la Ordenanza N\u00ba <span style=\"color: #ff0000;\">1011<\/span>-HCD-2006 y toda norma que se oponga a la presente.-<\/p>\n<p style=\"text-align: justify;\"><strong><u>ARTICULO 16\u00ba<\/u><\/strong><u>.-<\/u> <strong>COMUN\u00cdQUESE, REG\u00cdSTRESE, PUBL\u00cdQUESE Y OPORTUNAMENTE, ARCH\u00cdVESE.-<\/strong><\/p>\n<p style=\"text-align: justify;\"><strong>\u00a0<\/strong><strong><u>ANEXO I<\/u><\/strong><\/p>\n<p style=\"text-align: justify;\"><a href=\"http:\/\/www.hcdvillademerlo.com.ar\/3432-2\/o-iv-0818-estacionamiento-medido\/\" rel=\"attachment wp-att-3439\"><img loading=\"lazy\" decoding=\"async\" class=\"alignnone size-medium wp-image-3439\" src=\"http:\/\/www.hcdvillademerlo.com.ar\/wp-content\/uploads\/2018\/04\/O-IV-0818-ESTACIONAMIENTO-MEDIDO-192x300.jpg\" alt=\"O-IV-0818 ESTACIONAMIENTO MEDIDO: ANEXO I\" width=\"192\" height=\"300\" \/><\/a><\/p>\n<p style=\"text-align: center;\">\n<p style=\"text-align: center;\"><!-- [if gte vml 1]><v:shapetype id=\"_x0000_t75\" coordsize=\"21600,21600\" o:spt=\"75\" o:preferrelative=\"t\" path=\"m@4@5l@4@11@9@11@9@5xe\" filled=\"f\" stroked=\"f\">\n<v:stroke joinstyle=\"miter\"\/>\n<v:formulas>\n<v:f eqn=\"if lineDrawn pixelLineWidth 0\"\/>\n<v:f eqn=\"sum @0 1 0\"\/>\n<v:f eqn=\"sum 0 0 @1\"\/>\n<v:f eqn=\"prod @2 1 2\"\/>\n<v:f eqn=\"prod @3 21600 pixelWidth\"\/>\n<v:f eqn=\"prod @3 21600 pixelHeight\"\/>\n<v:f eqn=\"sum @0 0 1\"\/>\n<v:f eqn=\"prod @6 1 2\"\/>\n<v:f eqn=\"prod @7 21600 pixelWidth\"\/>\n<v:f eqn=\"sum @8 21600 0\"\/>\n<v:f eqn=\"prod @7 21600 pixelHeight\"\/>\n<v:f eqn=\"sum @10 21600 0\"\/>\n<\/v:formulas>\n<v:path o:extrusionok=\"f\" gradientshapeok=\"t\" o:connecttype=\"rect\"\/>\n<o:lock v:ext=\"edit\" aspectratio=\"t\"\/>\n<\/v:shapetype><v:shape id=\"_x0000_s1026\" type=\"#_x0000_t75\" style='position:absolute; margin-left:114.7pt;margin-top:135.75pt;width:361.9pt;height:601.3pt; z-index:251658240' stroked=\"t\">\n<v:imagedata src=\"file:\/\/\/C:\\Users\\Atencion\\AppData\\Local\\Temp\\msohtmlclip1\\02\\clip_image001.jpg\" o:title=\"2018-04-05 (1)\"\/>\n<w:wrap type=\"square\"\/>\n<\/v:shape><![endif]--><!-- [if !vml]--><img loading=\"lazy\" decoding=\"async\" src=\"file:\/\/\/C:\\Users\\Atencion\\AppData\\Local\\Temp\\msohtmlclip1\\02\\clip_image002.jpg\" alt=\"\" width=\"484\" height=\"804\" align=\"left\" hspace=\"12\" \/><!--[endif]--><\/p>\n","protected":false},"excerpt":{"rendered":"<p>Villa de Merlo, (San Lu\u00eds), 18 de Marzo de 2018.- &nbsp; &nbsp; ORDENANZA N\u00ba IV- 0818-HCD-2018 \u201cESTACIONAMIENTO MEDIDO Y FRACCIONADO\u201d &nbsp; VISTO: La nota recibida N\u00ba 013-HCD-2018, y la Ordenanza N\u00b0 1011-06 de\u00a0 Estacionamiento Medido y Fraccionado, y: CONSIDERANDO: Que el parque automotor de la Villa de Merlo se ha incrementado considerablemente desde la sanci\u00f3n<\/p><\/div>\n<div class=\"blog-btn\"><a href=\"https:\/\/hcdvillademerlo.com\/index.php\/2018\/04\/16\/3432-2\/\" class=\"home-blog-btn\">Leer m\u00e1s<\/a><\/p>\n","protected":false},"author":1,"featured_media":0,"comment_status":"closed","ping_status":"closed","sticky":false,"template":"","format":"standard","meta":{"footnotes":""},"categories":[20,293,1,16],"tags":[],"class_list":["post-3432","post","type-post","status-publish","format-standard","hentry","category-hacienda","category-ordenanzas-2018","category-sin-categoria","category-transporte"],"_links":{"self":[{"href":"https:\/\/hcdvillademerlo.com\/index.php\/wp-json\/wp\/v2\/posts\/3432","targetHints":{"allow":["GET"]}}],"collection":[{"href":"https:\/\/hcdvillademerlo.com\/index.php\/wp-json\/wp\/v2\/posts"}],"about":[{"href":"https:\/\/hcdvillademerlo.com\/index.php\/wp-json\/wp\/v2\/types\/post"}],"author":[{"embeddable":true,"href":"https:\/\/hcdvillademerlo.com\/index.php\/wp-json\/wp\/v2\/users\/1"}],"replies":[{"embeddable":true,"href":"https:\/\/hcdvillademerlo.com\/index.php\/wp-json\/wp\/v2\/comments?post=3432"}],"version-history":[{"count":1,"href":"https:\/\/hcdvillademerlo.com\/index.php\/wp-json\/wp\/v2\/posts\/3432\/revisions"}],"predecessor-version":[{"id":6700,"href":"https:\/\/hcdvillademerlo.com\/index.php\/wp-json\/wp\/v2\/posts\/3432\/revisions\/6700"}],"wp:attachment":[{"href":"https:\/\/hcdvillademerlo.com\/index.php\/wp-json\/wp\/v2\/media?parent=3432"}],"wp:term":[{"taxonomy":"category","embeddable":true,"href":"https:\/\/hcdvillademerlo.com\/index.php\/wp-json\/wp\/v2\/categories?post=3432"},{"taxonomy":"post_tag","embeddable":true,"href":"https:\/\/hcdvillademerlo.com\/index.php\/wp-json\/wp\/v2\/tags?post=3432"}],"curies":[{"name":"wp","href":"https:\/\/api.w.org\/{rel}","templated":true}]}}