{"id":3386,"date":"2018-02-09T11:56:46","date_gmt":"2018-02-09T14:56:46","guid":{"rendered":"http:\/\/www.hcdvillademerlo.com.ar\/?p=3386"},"modified":"2018-02-09T11:56:46","modified_gmt":"2018-02-09T14:56:46","slug":"orden-del-dia-sesion-extraordinaria-fecha-10-de-febrero-2018","status":"publish","type":"post","link":"https:\/\/hcdvillademerlo.com\/index.php\/2018\/02\/09\/orden-del-dia-sesion-extraordinaria-fecha-10-de-febrero-2018\/","title":{"rendered":"ORDEN DEL D\u00cdA SESI\u00d3N EXTRAORDINARIA FECHA: 10 DE FEBRERO 2018"},"content":{"rendered":"<h2 style=\"text-align: center;\"><u>O<\/u><u>RDEN DEL D\u00cdA<\/u><\/h2>\n<h2 style=\"text-align: center;\"><u>SESI\u00d3N EXTRAORDINARIA<\/u><\/h2>\n<h2 style=\"text-align: center;\"><u>FECHA: 10 DE FEBRERO 2018<\/u><\/h2>\n<p>&nbsp;<br \/>\n<strong>1) Nota R. N\u00ba 013-HCD-18.- <\/strong>Intendente Municipal, Lic. Miguel \u00c1ngel Flores, solicita convocar a Sesi\u00f3n Extraordinaria para tratar el siguiente temario:<\/p>\n<ol start=\"4\">\n<li>Nota del Sr. Intendente informando voluntad de rechazo del incremento de su dieta\/sueldo,<\/li>\n<li>Nota solicitando homologaci\u00f3n de Decreto N\u00ba 0001-IM-2018 \u201cPLAN DE FACILIDADES DE PAGO\u201d,<\/li>\n<li>Nota solicitando homologaci\u00f3n de Decreto N\u00ba 0008-IM-2018\u201dPARQUE PRESIDENTE PERON\u201d,<\/li>\n<li>Proyectos de Ordenanzas:<\/li>\n<\/ol>\n<ul>\n<li>Extensi\u00f3n de vigencia de Ordenanza N\u00ba X-0739-HCD-2016 de Emergencia Econ\u00f3mica, Financiera y Social,<\/li>\n<li>Modificaci\u00f3n de Ordenanza N\u00ba 1011-HCD-2006 de Estacionamiento Medido y Fraccionado,<\/li>\n<li>Proyecto de Modificaci\u00f3n e Incorporaci\u00f3n para la liquidaci\u00f3n de cobro de mensuras,<\/li>\n<li>Poder de Polic\u00eda para la Secretaria de Gesti\u00f3n Territorial, seg\u00fan Ordenanza N\u00ba 757-2000 y sus modificatorias.<\/li>\n<\/ul>\n<p>&nbsp;<br \/>\n<strong>2)Nota R. N\u00ba 009-HCD-18.- <\/strong>Bloque Concejales Uni\u00f3n C\u00edvica Radical \u2013 Avanzar y Cambiemos San Luis, presentan nota en ref.: Pedido de Sesi\u00f3n Extraordinaria.-<br \/>\n<strong>Nota R. N\u00ba 011-HCD-18.- <\/strong>Bloque Concejales Uni\u00f3n C\u00edvica Radical \u2013 Avanzar y Cambiemos San Luis, presentan Proyecto de Minuta, solicitando al DEM respuestas a Cuestionario.-<br \/>\n&nbsp;<\/p>\n","protected":false},"excerpt":{"rendered":"<p>ORDEN DEL D\u00cdA SESI\u00d3N EXTRAORDINARIA FECHA: 10 DE FEBRERO 2018 &nbsp; 1) Nota R. N\u00ba 013-HCD-18.- Intendente Municipal, Lic. Miguel \u00c1ngel Flores, solicita convocar a Sesi\u00f3n Extraordinaria para tratar el siguiente temario: Nota del Sr. Intendente informando voluntad de rechazo del incremento de su dieta\/sueldo, Nota solicitando homologaci\u00f3n de Decreto N\u00ba 0001-IM-2018 \u201cPLAN DE FACILIDADES<\/p><\/div>\n<div class=\"blog-btn\"><a href=\"https:\/\/hcdvillademerlo.com\/index.php\/2018\/02\/09\/orden-del-dia-sesion-extraordinaria-fecha-10-de-febrero-2018\/\" class=\"home-blog-btn\">Leer m\u00e1s<\/a><\/p>\n","protected":false},"author":1,"featured_media":0,"comment_status":"closed","ping_status":"closed","sticky":false,"template":"","format":"standard","meta":{"footnotes":""},"categories":[7],"tags":[],"class_list":["post-3386","post","type-post","status-publish","format-standard","hentry","category-orden-del-dia"],"_links":{"self":[{"href":"https:\/\/hcdvillademerlo.com\/index.php\/wp-json\/wp\/v2\/posts\/3386","targetHints":{"allow":["GET"]}}],"collection":[{"href":"https:\/\/hcdvillademerlo.com\/index.php\/wp-json\/wp\/v2\/posts"}],"about":[{"href":"https:\/\/hcdvillademerlo.com\/index.php\/wp-json\/wp\/v2\/types\/post"}],"author":[{"embeddable":true,"href":"https:\/\/hcdvillademerlo.com\/index.php\/wp-json\/wp\/v2\/users\/1"}],"replies":[{"embeddable":true,"href":"https:\/\/hcdvillademerlo.com\/index.php\/wp-json\/wp\/v2\/comments?post=3386"}],"version-history":[{"count":0,"href":"https:\/\/hcdvillademerlo.com\/index.php\/wp-json\/wp\/v2\/posts\/3386\/revisions"}],"wp:attachment":[{"href":"https:\/\/hcdvillademerlo.com\/index.php\/wp-json\/wp\/v2\/media?parent=3386"}],"wp:term":[{"taxonomy":"category","embeddable":true,"href":"https:\/\/hcdvillademerlo.com\/index.php\/wp-json\/wp\/v2\/categories?post=3386"},{"taxonomy":"post_tag","embeddable":true,"href":"https:\/\/hcdvillademerlo.com\/index.php\/wp-json\/wp\/v2\/tags?post=3386"}],"curies":[{"name":"wp","href":"https:\/\/api.w.org\/{rel}","templated":true}]}}