{"id":301,"date":"2016-03-01T14:31:10","date_gmt":"2016-03-01T17:31:10","guid":{"rendered":"http:\/\/hcdvillademerlo.com.ar.j8a.com.ar\/?p=301"},"modified":"2016-03-01T14:31:10","modified_gmt":"2016-03-01T17:31:10","slug":"autoriza-construccion-franja-peatonal-ruta-no-5","status":"publish","type":"post","link":"https:\/\/hcdvillademerlo.com\/index.php\/2016\/03\/01\/autoriza-construccion-franja-peatonal-ruta-no-5\/","title":{"rendered":"AUTORIZA CONSTRUCCI\u00d3N FRANJA PEATONAL RUTA N\u00ba 5"},"content":{"rendered":"<p style=\"text-align: right\">Merlo, San Luis, 10 de Mayo de 1985<\/p>\n<p style=\"text-align: center\"><strong><u>ORDENANZA N\u00ba 333-HCD-1985<\/u><\/strong><\/p>\n<p>&nbsp;<br \/>\n<strong><u>VISTO:<\/u><\/strong><br \/>\nEl proyecto de Ordenanza, presentada a consideraci\u00f3n del Honorable Cuerpo, por la Bancada del M.I.D., y;<br \/>\n&nbsp;<br \/>\n<strong><u>CONSIDERANDO:<\/u><\/strong><br \/>\nQue este proyecto contempla una real necesidad por la seguridad que representa, para todos los integrantes de la comunidad radicada en el Barrio San Agust\u00edn, como as\u00ed tambi\u00e9n a peatones y viandantes ocasionales. El acceso a sus fuentes de trabajo, educaci\u00f3n, aprovisionamiento y tramites en general, debe hacerse transitando en forma paralela a la Ruta N\u00ba 5, en su acceso desde la Ruta 148 lo que la torna peligrosa ante la velocidad de los veh\u00edculos que por ella ingresan, teniendo en cuenta que es deber de la comuna velar por la seguridad de sus habitantes implementando los medios que le acuerda la Ley, este Honorable Concejo Deliberante en su reuni\u00f3n N\u00ba 1, Sesiones Ordinarias, de fecha 7 de Mayo de 1985, sanciona la siguiente:<\/p>\n<p style=\"text-align: center\"><strong><u>ORDENANZA<\/u><\/strong><\/p>\n<p>&nbsp;<\/p>\n<ul>\n<li>Que, el Departamento Ejecutivo, a trav\u00e9s de su Secretar\u00eda de Obras y Servicios P\u00fablicos, construya por Administraci\u00f3n una franja peatonal de 1,50 metros de ancho, a ambos costados de la Ruta N\u00ba 5, partiendo desde la altura del nuevo Refugio, o frente al Algarrobo, hasta el Refugio de calle Poeta Ag\u00fcero.-<\/li>\n<li>Ambas franjas tendr\u00e1n se\u00f1alamiento Reglamentario, tanto horizontal como vertical, con dos cruces de Ruta, uno a la altura del comienzo de ambas franjas y otro antes de comenzar la Rotonda, a la altura de la Virgen.-<\/li>\n<li>Se incorporar\u00e1 a ambas manos de la Ruta N\u00ba 5, un sistema de rompevelocidad, consistente en un ondulamiento del pavimento o creaci\u00f3n de fajas transversales tipo serrucho.-<\/li>\n<li>Ambas fajas ser\u00e1n construidas, con capa de cemento o con capa de riego asf\u00e1ltico, a fin de permitir su libre transito en d\u00edas de lluvia o inclemencia del tiempo.-<\/li>\n<li>Que estos trabajos se incorporen al Plan de Obras y Servicios P\u00fablicos para el Ejercicio A\u00f1o 1985.-<\/li>\n<li>Comun\u00edquese, publ\u00edquese, reg\u00edstrese y arch\u00edvese.-<\/li>\n<\/ul>\n<p>&nbsp;<br \/>\nPresidente HCD: Carlos Alberto Romero<br \/>\nSecretario HCD: Ram\u00f3n Arturo Gonz\u00e1lez<br \/>\n&nbsp;<br \/>\n&nbsp;<br \/>\n&nbsp;<br \/>\n&nbsp;<br \/>\n&nbsp;<br \/>\n&nbsp;<br \/>\n&nbsp;<br \/>\n&nbsp;<br \/>\n&nbsp;<br \/>\n&nbsp;<br \/>\n&nbsp;<br \/>\n&nbsp;<br \/>\n&nbsp;<br \/>\n&nbsp;<br \/>\n&nbsp;<br \/>\n&nbsp;<br \/>\n&nbsp;<br \/>\n&nbsp;<br \/>\n&nbsp;<br \/>\n&nbsp;<br \/>\n&nbsp;<br \/>\n&nbsp;<br \/>\n&nbsp;<br \/>\n&nbsp;<br \/>\n&nbsp;<br \/>\n&nbsp;<br \/>\n&nbsp;<br \/>\n&nbsp;<br \/>\n&nbsp;<br \/>\n<strong><u>REGLAMENTO PARQUE INDUSTRIAL \u201cELISEO MERCAU\u201d<\/u><\/strong><br \/>\n<strong><u>\u00a0<\/u><\/strong><br \/>\nEl Parque Industrial \u201cEliseo Mercau\u201d, ubicado en esta localidad de Merlo, San Luis, se compone de 35 a 40 parcelas, con una superficie aproximada en su totalidad a las 50 has.-<br \/>\nEl inmueble mencionado ha sido donado por el se\u00f1or Jos\u00e9 Alberto Mercau, habi\u00e9ndose aceptado toda la donaci\u00f3n por Ordenanza N\u00ba 81\/IM\/75 de fecha 13 de Abril de 1975 y trasladado en Escritura Publica N\u00ba 112 de fecha 15 de Julio de 1978 por ante el escribano publico D. Luis Ricardo de Olloqui.-<br \/>\nLa donaci\u00f3n del se\u00f1or Mercau se caracteriza fundamentalmente por tres aspectos: ser gratuita, tener un destino indicado (radicaci\u00f3n industrial) y obligaci\u00f3n de las empresas que funcionen en el mismo de hacer constar en los productos, envases, documentaci\u00f3n, etc., el nombre de \u201cParque Industrial Eliseo Mercau\u201d- Merlo- San Luis.-<br \/>\nEn lo que se refiere al funcionamiento y reglamentaci\u00f3n\u00a0 del Parque, que hasta la fecha carec\u00eda de una legislaci\u00f3n en tal sentido.-<br \/>\nPor ello y constituyendo este aspecto una prioridad, acompa\u00f1amos un proyecto de reglamentaci\u00f3n del Parque, el que ponemos a consideraci\u00f3n del Honorable Concejo Deliberante a los fines pertinentes.-<br \/>\nEl citado proyecto contempla primeramente\u00a0 tres puntos:<\/p>\n<ol>\n<li>Empresas y\/o particulares a radicarse en el Parque con o sin decreto,<\/li>\n<li>Empresas a radicarse en el Parque con decreto de radicaci\u00f3n en tr\u00e1mite,<\/li>\n<li>Empresas a radicarse en el Parque con decreto aprobado.-<\/li>\n<\/ol>\n<p>Las mencionadas en el apartado a) deber\u00e1n llenar los siguientes requisitos:<\/p>\n<ul>\n<li>La actividad a desarrollar no podr\u00e1 ser contaminante del aire ni del suelo.<\/li>\n<li>Debe tener un fin indicado.<\/li>\n<li>Deber\u00e1 da ocupaci\u00f3n en forma permanente a no menos de diez (10) personas.<\/li>\n<li>Deber\u00e1 hacer constar en los productos, envases, documentaci\u00f3n, etc. el nombre \u201cParque Industrial Eliseo Mercau- Merlo\u201d- San Luis.<\/li>\n<li>Deber\u00e1 presentar previo a todo tr\u00e1mite, una solicitud, la que tendr\u00e1 car\u00e1cter de declaraci\u00f3n jurada, por medio de la cual peticione una parcela\/s, explicar sint\u00e9ticamente la actividad a desarrollar (productos a elaborar, maquinarias que se emplear\u00e1n, mano de obra a tomar, y todo otro dato de inter\u00e9s).<\/li>\n<li>En base a la petici\u00f3n mencionada en la cl\u00e1usula anterior se le efectuar\u00e1 una preadjudicaci\u00f3n, debiendo el interesado exigir dentro de los cuarenta y cinco (45) d\u00edas posteriores a la misma la entrega de la posesi\u00f3n.<\/li>\n<li>Dentro de los noventa (90) d\u00edas, a contar de la entrega de la posesi\u00f3n, deber\u00e1 el beneficiario iniciar los trabajos de ingenier\u00eda de obra para la construcci\u00f3n del edificio definitivo, parquizacion y cerramiento, debiendo efectuar la puesta en marcha en las instalaciones definitivas en el termino de dieciocho (18) meses de la entrega de la posesi\u00f3n.<\/li>\n<li>Vencido el termino mencionado, y cumplido lo establecido en el apartado anterior la Municipalidad proceder\u00e1 a otorgar al beneficiario la Escritura traslativa de dominio de la\/s parcela\/s donada\/s.<\/li>\n<li>El beneficiario podr\u00e1 vender su industria y\/o empresa pero el comprador deber\u00e1 continuar con la explotaci\u00f3n comercial pudiendo cambiar las caracter\u00edsticas de la misma.<\/li>\n<li>El incumplimiento del articulo anterior dar\u00e1 lugar a que la donaci\u00f3n efectuada sea revocada pasando las parcelas a ser propiedad de la Municipalidad con todo lo clavado, plantado y adherido al suelo que contengan.-<\/li>\n<\/ul>\n<p>Las mencionadas en el apartado b) deber\u00e1n llenar los siguientes requisitos:<\/p>\n<ul>\n<li>Idem a) 1)<\/li>\n<li>Idem a) 2)<\/li>\n<li>Deber\u00e1 llenar los requisitos y\/o exigencias que le imponga la Ley de Radicaci\u00f3n a trav\u00e9s del Ministerio de industria y producci\u00f3n.<\/li>\n<li>Idem a) 4)<\/li>\n<li>Idem a) 5)<\/li>\n<li>Idem a) 6)<\/li>\n<li>Dentro de los noventa (9) d\u00edas de la entrega de la posesi\u00f3n deber\u00e1 el beneficiario iniciar los trabajos de parquizacion y cerramiento. Una vez que la Gobernaci\u00f3n a trav\u00e9s de la Secretar\u00eda de Industria y Producci\u00f3n le haga entrega del Decreto de Radicaci\u00f3n comenzar\u00e1n a regir para el beneficiario los plazos que el mismo establece (90 y 140 d\u00edas).<\/li>\n<li>Idem a) 8)<\/li>\n<li>Idem a) 9)<\/li>\n<li>Idem a) 10)<\/li>\n<\/ul>\n<p>Para las empresas contempladas en el punto c) las mismas deber\u00e1n llenar los siguientes requisitos:<\/p>\n<ul>\n<li>Idem a) y b) 1)<\/li>\n<li>Idem a) y b) 2)<\/li>\n<li>Idem b) 3)<\/li>\n<li>Idem a) y b) 4)<\/li>\n<li>Idem a) y b) 5)<\/li>\n<li>En base a la petici\u00f3n mencionada en la cl\u00e1usula anterior se le efectuar\u00e1 una preadjudicaci\u00f3n debiendo el interesado exigir dentro de los diez (10) d\u00edas siguientes a la misma la entrega de la posesi\u00f3n.<\/li>\n<li>Sin perjuicio de lo dispuesto en el art\u00edculo anterior regir\u00e1n para el beneficiario los t\u00e9rminos impuestos por el Ministerio de Industria y Producci\u00f3n de la Provincia.<\/li>\n<li>Idem a) y b) 8)<\/li>\n<li>Idem a) y b) 9)<\/li>\n<li>Idem a) y b) 10)<\/li>\n<\/ul>\n<p>En todos los casos, ya sea por razones de orden econ\u00f3mico, laborales y\/o fuerza mayor en que la industria y\/o empresa deba suspender sus actividades, todo ello debidamente justificado y acreditado, la Municipalidad contemplar\u00e1 un plazo de doce (12) meses para la regulaci\u00f3n de la situaci\u00f3n por el Ministerio de Industria y Producci\u00f3n de la Provincia.-<br \/>\n&nbsp;<\/p>\n","protected":false},"excerpt":{"rendered":"<p>Merlo, San Luis, 10 de Mayo de 1985 ORDENANZA N\u00ba 333-HCD-1985 &nbsp; VISTO: El proyecto de Ordenanza, presentada a consideraci\u00f3n del Honorable Cuerpo, por la Bancada del M.I.D., y; &nbsp; CONSIDERANDO: Que este proyecto contempla una real necesidad por la seguridad que representa, para todos los integrantes de la comunidad radicada en el Barrio San<\/p><\/div>\n<div class=\"blog-btn\"><a href=\"https:\/\/hcdvillademerlo.com\/index.php\/2016\/03\/01\/autoriza-construccion-franja-peatonal-ruta-no-5\/\" class=\"home-blog-btn\">Leer m\u00e1s<\/a><\/p>\n","protected":false},"author":1,"featured_media":0,"comment_status":"closed","ping_status":"open","sticky":false,"template":"","format":"standard","meta":{"footnotes":""},"categories":[9],"tags":[41,212,247],"class_list":["post-301","post","type-post","status-publish","format-standard","hentry","category-planeamiento-urbano","tag-autoriza","tag-peatonal","tag-ruta"],"_links":{"self":[{"href":"https:\/\/hcdvillademerlo.com\/index.php\/wp-json\/wp\/v2\/posts\/301","targetHints":{"allow":["GET"]}}],"collection":[{"href":"https:\/\/hcdvillademerlo.com\/index.php\/wp-json\/wp\/v2\/posts"}],"about":[{"href":"https:\/\/hcdvillademerlo.com\/index.php\/wp-json\/wp\/v2\/types\/post"}],"author":[{"embeddable":true,"href":"https:\/\/hcdvillademerlo.com\/index.php\/wp-json\/wp\/v2\/users\/1"}],"replies":[{"embeddable":true,"href":"https:\/\/hcdvillademerlo.com\/index.php\/wp-json\/wp\/v2\/comments?post=301"}],"version-history":[{"count":0,"href":"https:\/\/hcdvillademerlo.com\/index.php\/wp-json\/wp\/v2\/posts\/301\/revisions"}],"wp:attachment":[{"href":"https:\/\/hcdvillademerlo.com\/index.php\/wp-json\/wp\/v2\/media?parent=301"}],"wp:term":[{"taxonomy":"category","embeddable":true,"href":"https:\/\/hcdvillademerlo.com\/index.php\/wp-json\/wp\/v2\/categories?post=301"},{"taxonomy":"post_tag","embeddable":true,"href":"https:\/\/hcdvillademerlo.com\/index.php\/wp-json\/wp\/v2\/tags?post=301"}],"curies":[{"name":"wp","href":"https:\/\/api.w.org\/{rel}","templated":true}]}}