{"id":298,"date":"2016-03-01T14:27:15","date_gmt":"2016-03-01T17:27:15","guid":{"rendered":"http:\/\/hcdvillademerlo.com.ar.j8a.com.ar\/?p=298"},"modified":"2016-03-01T14:27:15","modified_gmt":"2016-03-01T17:27:15","slug":"grava-tendido-canerias","status":"publish","type":"post","link":"https:\/\/hcdvillademerlo.com\/index.php\/2016\/03\/01\/grava-tendido-canerias\/","title":{"rendered":"GRAVA TENDIDO CA\u00d1ER\u00cdAS"},"content":{"rendered":"<p style=\"text-align: right\">Merlo, San Luis, 3 de Enero de 1985<\/p>\n<p>&nbsp;<\/p>\n<p style=\"text-align: center\"><strong><u>ORDENANZA N\u00ba 328-HCD-1985<\/u><\/strong><\/p>\n<p>&nbsp;<br \/>\n<strong><u>VISTO:<\/u><\/strong><br \/>\nEl Proyecto de Ordenanza, presentado por el Departamento Ejecutivo, relacionado con el uso de superficie en el tendido de la real de agua potable por parte de la Cooperativa de Agua Potable de Merlo, y:<br \/>\n&nbsp;<br \/>\n<strong><u>CONSIDERANDO:<\/u><\/strong><br \/>\nQue la ley 2159, R\u00e9gimen Municipal, Art. 75, inciso 17 y la Constituci\u00f3n Provincial Art. 144, inciso 3\u00ba apartado a) establece el poder impositivo de la Comuna para formar sus rentas, como as\u00ed tambi\u00e9n el tratamiento dado en el seno del Honorable Concejo Deliberante, y de acuerdo a sus facultades sanciona con fuerza legal, la siguiente:<br \/>\n&nbsp;<\/p>\n<p style=\"text-align: center\"><strong><u>ORDENANZA<\/u><\/strong><\/p>\n<ol>\n<li>Apru\u00e9bese el Proyecto de Ordenanza, gravando el tendido de ca\u00f1er\u00edas, en calles y veredas de este Municipio, por parte de la Cooperativa de Agua Potable de Merlo, de acuerdo a lo establecido en sus art\u00edculos: 1\u00ba, 2\u00ba, 3\u00ba y 4\u00ba.<\/li>\n<li>Comun\u00edquese, publ\u00edquese, reg\u00edstrese y arch\u00edvese.-<\/li>\n<\/ol>\n<p>&nbsp;<br \/>\n&nbsp;<br \/>\nPresidente HCD: Carlos Alberto Romero<br \/>\nSecretario HCD: Ram\u00f3n Arturo Gonz\u00e1lez<br \/>\n&nbsp;<\/p>\n","protected":false},"excerpt":{"rendered":"<p>Merlo, San Luis, 3 de Enero de 1985 &nbsp; ORDENANZA N\u00ba 328-HCD-1985 &nbsp; VISTO: El Proyecto de Ordenanza, presentado por el Departamento Ejecutivo, relacionado con el uso de superficie en el tendido de la real de agua potable por parte de la Cooperativa de Agua Potable de Merlo, y: &nbsp; CONSIDERANDO: Que la ley 2159,<\/p><\/div>\n<div class=\"blog-btn\"><a href=\"https:\/\/hcdvillademerlo.com\/index.php\/2016\/03\/01\/grava-tendido-canerias\/\" class=\"home-blog-btn\">Leer m\u00e1s<\/a><\/p>\n","protected":false},"author":1,"featured_media":0,"comment_status":"closed","ping_status":"open","sticky":false,"template":"","format":"standard","meta":{"footnotes":""},"categories":[20],"tags":[151],"class_list":["post-298","post","type-post","status-publish","format-standard","hentry","category-hacienda","tag-grava"],"_links":{"self":[{"href":"https:\/\/hcdvillademerlo.com\/index.php\/wp-json\/wp\/v2\/posts\/298","targetHints":{"allow":["GET"]}}],"collection":[{"href":"https:\/\/hcdvillademerlo.com\/index.php\/wp-json\/wp\/v2\/posts"}],"about":[{"href":"https:\/\/hcdvillademerlo.com\/index.php\/wp-json\/wp\/v2\/types\/post"}],"author":[{"embeddable":true,"href":"https:\/\/hcdvillademerlo.com\/index.php\/wp-json\/wp\/v2\/users\/1"}],"replies":[{"embeddable":true,"href":"https:\/\/hcdvillademerlo.com\/index.php\/wp-json\/wp\/v2\/comments?post=298"}],"version-history":[{"count":0,"href":"https:\/\/hcdvillademerlo.com\/index.php\/wp-json\/wp\/v2\/posts\/298\/revisions"}],"wp:attachment":[{"href":"https:\/\/hcdvillademerlo.com\/index.php\/wp-json\/wp\/v2\/media?parent=298"}],"wp:term":[{"taxonomy":"category","embeddable":true,"href":"https:\/\/hcdvillademerlo.com\/index.php\/wp-json\/wp\/v2\/categories?post=298"},{"taxonomy":"post_tag","embeddable":true,"href":"https:\/\/hcdvillademerlo.com\/index.php\/wp-json\/wp\/v2\/tags?post=298"}],"curies":[{"name":"wp","href":"https:\/\/api.w.org\/{rel}","templated":true}]}}