{"id":2867,"date":"2017-05-24T09:08:30","date_gmt":"2017-05-24T12:08:30","guid":{"rendered":"http:\/\/www.hcdvillademerlo.com.ar\/?p=2867"},"modified":"2017-05-24T09:08:30","modified_gmt":"2017-05-24T12:08:30","slug":"orden-del-dia-sesion-ordinaria-acta-n-013-hcd-2017-fecha-24-de-mayo-de-2017","status":"publish","type":"post","link":"https:\/\/hcdvillademerlo.com\/index.php\/2017\/05\/24\/orden-del-dia-sesion-ordinaria-acta-n-013-hcd-2017-fecha-24-de-mayo-de-2017\/","title":{"rendered":"ORDEN DEL D\u00cdA &#8211; SESI\u00d3N ORDINARIA  ACTA N\u00b0 013-HCD-2017  FECHA:  24  DE MAYO DE 2017"},"content":{"rendered":"<p style=\"text-align: center;\">\n<h2 style=\"text-align: center;\"><u>ORDEN DEL D\u00cdA &#8211; SESI\u00d3N ORDINARIA<\/u><\/h2>\n<h2 style=\"text-align: center;\"><u>ACTA N<\/u><u>\u00b0<\/u><u> 013-HCD-2017<\/u><\/h2>\n<h2 style=\"text-align: center;\"><u>FECHA:\u00a0 24\u00a0 DE MAYO DE 2017<\/u><\/h2>\n<p>&nbsp;<br \/>\n<strong><u>BANCA DEL VECINO:<\/u><\/strong><\/p>\n<p style=\"text-align: justify;\">Agrupaci\u00f3n Juvennat, por tema: Presentaci\u00f3n de material fotogr\u00e1fico de 5 arroyos que atraviesan la Jurisdicci\u00f3n de la Municipalidad de Merlo.-<\/p>\n<p style=\"text-align: justify;\">\n<p style=\"text-align: justify;\"><strong><u>De los Despachos de Comisi\u00f3n.-<\/u><\/strong><\/p>\n<p style=\"text-align: justify;\"><strong>1) Nota R.<\/strong><strong> N\u00ba 235-HCD-17.- <\/strong>Despacho de Comisi\u00f3n, Proyecto de Resoluci\u00f3n, en ref.:\u00a0 ESTABLECER el pr\u00f3ximo d\u00eda Lunes 05 de Junio del corriente a\u00f1o a las 10:30 Hs.la realizaci\u00f3n de la Sesi\u00f3n Especial y Extraordinaria denominada SESION VERDE, en el Auditorio de la Casa del Poeta Antonio Esteban Ag\u00fcero, Sede de la Universidad Nacional de los Comechingones.-<\/p>\n<p style=\"text-align: justify;\">\n<p style=\"text-align: justify;\"><strong>2) Nota R.<\/strong><strong> N\u00ba 236-HCD-17.- <\/strong>Despacho de Comisi\u00f3n, Proyecto de Nota M\u00faltiple, a ONGs, Escuelas y otras Instituciones de la Villa de Merlo, en ref.: invitarlos\u00a0 a la realizaci\u00f3n de la\u00a0 \u201cSesi\u00f3n Extraordinaria: 05 de Junio Sesi\u00f3n Verde\u201d\u00a0 que se llevar\u00e1 a cabo\u00a0 el d\u00eda LUNES 05 DE JUNIO a las 10:30 Hs. En el Auditorio de la Casa del Poeta Antonio Esteban Ag\u00fcero, Sede de la Universidad Nacional de los Comechingones.-<\/p>\n<p style=\"text-align: justify;\"><strong>\u00a0<\/strong><\/p>\n<p style=\"text-align: justify;\"><strong>3) Nota R.<\/strong><strong> N\u00ba 237-HCD-17.- <\/strong>Despacho de Comisi\u00f3n, Proyecto de Nota a la Rectora de la Universidad Nacional de los Comechingones, Magister Agustina Rodr\u00edguez Sa\u00e1, en ref.: Invitarla a la Sesi\u00f3n Especial Extraordinaria \u201cSesi\u00f3n Verde\u201d y hacerle saber, que es de nuestro inter\u00e9s, poder contar con una charla sobre Manejo de Riesgos de Incendios Forestales, dictada por profesionales de esa U.N.L.C. a su cargo.-<\/p>\n<p style=\"text-align: justify;\"><strong>\u00a0<\/strong><\/p>\n<p style=\"text-align: justify;\"><strong>4) Nota R.<\/strong><strong> N\u00ba 239-HCD-17.- <\/strong>Despacho de Comisi\u00f3n, Proyecto de Ordenanza, en ref.: PRORROGAR, la vigencia de la Ordenanza N\u00ba IV-0743-HCD-16 sobre la\u00a0 creaci\u00f3n del \u00a0Registro Municipal de Transportes Destinados al Uso Exclusivo Tur\u00edstico, por SESENTA (60) DIAS m\u00e1s.-<\/p>\n<p style=\"text-align: justify;\">\n<p style=\"text-align: justify;\"><strong>5) Nota R.<\/strong><strong> N\u00ba 240-HCD-17.- <\/strong>Despacho de Comisi\u00f3n, Proyecto de Resoluci\u00f3n, en ref.: Autorizar Subdivisi\u00f3n en Cerro de Oro del Sr. Jos\u00e9 Pinto y otros.-<\/p>\n<p style=\"text-align: justify;\"><strong>\u00a0<\/strong><\/p>\n<p style=\"text-align: justify;\"><strong>6) Nota R.<\/strong><strong> N\u00ba 241-HCD-17.- <\/strong>Despacho de Comisi\u00f3n, Proyecto de Nota al Sr. \u00c1ngel Dom\u00ednguez, en ref.: Reiterar solicitud Nota R. N\u00ba 255-HCD-15 por pedido de subdivisi\u00f3n de terreno en Barrio San Agust\u00edn, Expte. de la Sra. Sof\u00eda Carre\u00f1o.-<\/p>\n<p style=\"text-align: justify;\"><strong>\u00a0<\/strong><\/p>\n<p style=\"text-align: justify;\"><strong>7) Nota R.<\/strong><strong> N\u00ba 242-HCD-17.- <\/strong>Despacho de Comisi\u00f3n, Proyecto de Ordenanza, en ref.: MODIFICAR, el Art. 3\u00b0 de la Ordenanza N\u00ba 1137-HCD-09, en el Inciso Sub-Zona A.I.R. (Actividad Industrial Restringida).-<\/p>\n<p style=\"text-align: justify;\">\n<p style=\"text-align: justify;\"><strong>8) Nota R.<\/strong><strong> N\u00ba 252-HCD-17.- <\/strong>Despacho de Comisi\u00f3n, Proyecto de Resoluci\u00f3n, en ref.: Nombrar al Sr. Iv\u00e1n Rodr\u00edguez para cubrir el cargo en la Secretar\u00eda Administrativa del H.C.D., seg\u00fan lo establecido en la Resoluci\u00f3n N\u00ba 1753-HCD-17.-<\/p>\n<p style=\"text-align: justify;\">\n<p style=\"text-align: justify;\">\n<p style=\"text-align: justify;\"><strong><u>De los Proyectos (y\/o propuestas de los Concejales)<\/u><\/strong><\/p>\n<p style=\"text-align: justify;\"><strong>9) Nota R.<\/strong><strong> N\u00ba 244-HCD-17.- <\/strong>Concejales Bloque Compromiso Federal, elevan Proyecto de Ordenanza, en ref.: Prohibir la Extracci\u00f3n de \u00c1ridos.-<\/p>\n<p style=\"text-align: justify;\">\n<p style=\"text-align: justify;\">\n<p style=\"text-align: justify;\"><strong><u>De las Comunicaciones Oficiales.-<\/u><\/strong><\/p>\n<p style=\"text-align: justify;\"><strong>10) Nota R.<\/strong><strong> N\u00ba 245-HCD-17.- <\/strong>\u00c1rea Contable del H.C.D., eleva Balance correspondiente al Primer Trimestre del a\u00f1o 2017.-<\/p>\n<p style=\"text-align: justify;\">\n<p style=\"text-align: justify;\"><strong>11) Nota R.<\/strong><strong> N\u00ba 251-HCD-17.- <\/strong>Escuela N\u00ba 221 \u201cIrma Romero de Pacheco de Cerro de Oro\u201d, invita al Acto y Velada Art\u00edstica del D\u00eda de la Patria, el 24 de mayo desde las 20hs.-<\/p>\n<p style=\"text-align: justify;\">\n<p style=\"text-align: justify;\">\n<p style=\"text-align: justify;\"><strong><u>De los Informes (y\/o solicitudes) del D.E.M..-<\/u><\/strong><\/p>\n<p style=\"text-align: justify;\"><strong>12) Nota R. N\u00ba 229-HCD-17.- <\/strong>Secretario de Hacienda de la Municipalidad de la Villa de Merlo, C.P.N. Eduardo Atencio, responde Nota E. N\u00ba 071-HCD-17, sobre pedido del Centro Universitario Merlo, por eximici\u00f3n pago de tasas.-<\/p>\n<p style=\"text-align: justify;\">\n<p style=\"text-align: justify;\"><strong>13) Nota R. N\u00ba 230-HCD-17.- <\/strong>Secretario de Gobierno de la Municipalidad de la Villa de Merlo, Dr. Jos\u00e9 Oscar P\u00e9rez, eleva Decreto N\u00ba 0017-IM-2017, en ref.: Declarar abierto el Registro de Electores Extranjeros de la Ciudad Villa de Merlo, a partir del lunes 22 de mayo de 2017.-<\/p>\n<p style=\"text-align: justify;\">\n<p style=\"text-align: justify;\"><strong>14) Nota R. N\u00ba 232-HCD-17.- <\/strong>Directora de Catastro de la Municipalidad de la Villa de Merlo, Sra. Rosana Sirka, eleva solicitud del Sr. Domingo Cozzella, sobre plano de afectaci\u00f3n a Propiedad Horizontal\u00a0 presentado por el Ingeniero Agrimensor Mariano Baez.-<\/p>\n<p style=\"text-align: justify;\">\n<p style=\"text-align: justify;\"><strong>15) Nota R. N\u00ba 246-HCD-17.- <\/strong>Director de Obras Privadas de la Municipalidad de la Villa de Merlo, Arq. Nicol\u00e1s Rosatti, eleva pedido de la Sra. Mar\u00eda \u00c1ngela Molina, por construcci\u00f3n en el Barrio San Agust\u00edn.-<\/p>\n<p style=\"text-align: justify;\">\n<p style=\"text-align: justify;\"><strong>16) Nota R. N\u00ba 247-HCD-17.- <\/strong>Director de Obras Privadas de la Municipalidad de la Villa de Merlo, Arq. Nicol\u00e1s Rosatti, solicita incorporar el Uso o Rubro denominado \u201cEspect\u00e1culos o Show en Vivo\u201d.-<\/p>\n<p style=\"text-align: justify;\"><strong><u>\u00a0<\/u><\/strong><\/p>\n<p style=\"text-align: justify;\"><strong>17) Nota R. N\u00ba 248-HCD-17.- <\/strong>Director de Obras Privadas de la Municipalidad de la Villa de Merlo, Arq. Nicol\u00e1s Rosatti, eleva actuaciones realizadas en Galer\u00eda del Sol, en relaci\u00f3n a denuncias por el estado de limpieza de los retiros sobre medianera este y oeste.-<\/p>\n<p style=\"text-align: justify;\">\n<p style=\"text-align: justify;\"><strong>18) Nota R. N\u00ba 249-HCD-17.- <\/strong>Director de Obras Privadas de la Municipalidad de la Villa de Merlo, Arq. Nicol\u00e1s Rosatti, eleva solicitud del Sr. Sergio Esteban P\u00e9rez y otros, sobre la demolici\u00f3n de lo construido en su propiedad, en calle Janson, esquina Poeta Ag\u00fcero.-<\/p>\n<p style=\"text-align: justify;\"><strong>\u00a0<\/strong><\/p>\n<p style=\"text-align: justify;\"><strong>\u00a0<\/strong><\/p>\n<p style=\"text-align: justify;\"><strong><u>De las Peticiones o Asuntos Particulares.-<\/u><\/strong><\/p>\n<p style=\"text-align: justify;\"><strong>19) Nota R.<\/strong><strong> N\u00ba 231-HCD-17.- <\/strong>Asociaci\u00f3n Cultural \u201cAntonio Esteban Ag\u00fcero\u201d, solicita audiencia\u00a0 para tratar varios temas en Marco del Centenario del Natalicio del Poeta Antonio Esteban Ag\u00fcero.-<\/p>\n<p style=\"text-align: justify;\"><strong>\u00a0<\/strong><\/p>\n<p style=\"text-align: justify;\"><strong>20) Nota R. N\u00ba 233-HCD-17.- <\/strong>Vecinos del Barrio \u201cEl Rosedal\u201d, solicitan Banca del Vecino, para tratar tema: Estado en que se encuentran las calles, falta de podas y falta de mantenimiento de los cordones cunetas del barrio.-<\/p>\n<p style=\"text-align: justify;\"><strong>\u00a0<\/strong><\/p>\n<p style=\"text-align: justify;\"><strong>21) Nota R. N\u00ba 234-HCD-17.-<\/strong> Delegaci\u00f3n Conlara de San Luis Agua, responde Nota E. N\u00ba 050-HCD-2017 y elevan soporte digital e impresa de las trazas de acequias y canales que se encuentran en el ejido Municipal de la Villa de Merlo.-<\/p>\n<p style=\"text-align: justify;\"><strong>\u00a0<\/strong><\/p>\n<p style=\"text-align: justify;\"><strong>22) Nota R. N\u00ba 243-HCD-17.-<\/strong> Sr. Tom\u00e1s Luis Bulit Go\u00f1i, solicita se le autorice los Servicios de Luz y Agua en inmueble ubicado en zona T1 y R3 B.-<\/p>\n<p style=\"text-align: justify;\"><strong>\u00a0<\/strong><\/p>\n<p style=\"text-align: justify;\"><strong>23) Nota R. N\u00ba 250-HCD-17.- <\/strong>Asociaci\u00f3n Vecinal del Barrio Nuevo Merlo, elevan Proyecto de Ordenanza, en ref.: Zonificaci\u00f3n y Fijaci\u00f3n de Par\u00e1metros Sanitarios de Exposici\u00f3n de la Poblaci\u00f3n a los Campos Electromagn\u00e9ticos de Baja Frecuencia para el Sistema de Transporte El\u00e9ctrico de Media y Alta Tensi\u00f3n.-<\/p>\n<p style=\"text-align: justify;\"><strong>\u00a0<\/strong><\/p>\n","protected":false},"excerpt":{"rendered":"<p>ORDEN DEL D\u00cdA &#8211; SESI\u00d3N ORDINARIA ACTA N\u00b0 013-HCD-2017 FECHA:\u00a0 24\u00a0 DE MAYO DE 2017 &nbsp; BANCA DEL VECINO: Agrupaci\u00f3n Juvennat, por tema: Presentaci\u00f3n de material fotogr\u00e1fico de 5 arroyos que atraviesan la Jurisdicci\u00f3n de la Municipalidad de Merlo.- De los Despachos de Comisi\u00f3n.- 1) Nota R. N\u00ba 235-HCD-17.- Despacho de Comisi\u00f3n, Proyecto de Resoluci\u00f3n,<\/p><\/div>\n<div class=\"blog-btn\"><a href=\"https:\/\/hcdvillademerlo.com\/index.php\/2017\/05\/24\/orden-del-dia-sesion-ordinaria-acta-n-013-hcd-2017-fecha-24-de-mayo-de-2017\/\" class=\"home-blog-btn\">Leer m\u00e1s<\/a><\/p>\n","protected":false},"author":1,"featured_media":0,"comment_status":"closed","ping_status":"closed","sticky":false,"template":"","format":"standard","meta":{"footnotes":""},"categories":[7],"tags":[],"class_list":["post-2867","post","type-post","status-publish","format-standard","hentry","category-orden-del-dia"],"_links":{"self":[{"href":"https:\/\/hcdvillademerlo.com\/index.php\/wp-json\/wp\/v2\/posts\/2867","targetHints":{"allow":["GET"]}}],"collection":[{"href":"https:\/\/hcdvillademerlo.com\/index.php\/wp-json\/wp\/v2\/posts"}],"about":[{"href":"https:\/\/hcdvillademerlo.com\/index.php\/wp-json\/wp\/v2\/types\/post"}],"author":[{"embeddable":true,"href":"https:\/\/hcdvillademerlo.com\/index.php\/wp-json\/wp\/v2\/users\/1"}],"replies":[{"embeddable":true,"href":"https:\/\/hcdvillademerlo.com\/index.php\/wp-json\/wp\/v2\/comments?post=2867"}],"version-history":[{"count":0,"href":"https:\/\/hcdvillademerlo.com\/index.php\/wp-json\/wp\/v2\/posts\/2867\/revisions"}],"wp:attachment":[{"href":"https:\/\/hcdvillademerlo.com\/index.php\/wp-json\/wp\/v2\/media?parent=2867"}],"wp:term":[{"taxonomy":"category","embeddable":true,"href":"https:\/\/hcdvillademerlo.com\/index.php\/wp-json\/wp\/v2\/categories?post=2867"},{"taxonomy":"post_tag","embeddable":true,"href":"https:\/\/hcdvillademerlo.com\/index.php\/wp-json\/wp\/v2\/tags?post=2867"}],"curies":[{"name":"wp","href":"https:\/\/api.w.org\/{rel}","templated":true}]}}