{"id":2283,"date":"2016-06-30T11:19:50","date_gmt":"2016-06-30T14:19:50","guid":{"rendered":"http:\/\/hcdvillademerlo.com.ar\/?p=2283"},"modified":"2016-06-30T11:19:50","modified_gmt":"2016-06-30T14:19:50","slug":"orden-del-dia-acta-n-018-hcd-2016-fecha-30-de-junio-de-2016","status":"publish","type":"post","link":"https:\/\/hcdvillademerlo.com\/index.php\/2016\/06\/30\/orden-del-dia-acta-n-018-hcd-2016-fecha-30-de-junio-de-2016\/","title":{"rendered":"ORDEN DEL D\u00cdA &#8211; ACTA N\u00b0 018-HCD-2016 &#8211; FECHA: 30  DE JUNIO DE 2016"},"content":{"rendered":"<h2 style=\"text-align: center;\"><u>ORDEN DEL D\u00cdA &#8211; SESI\u00d3N ORDINARIA<\/u><\/h2>\n<h2 style=\"text-align: center;\"><u>ACTA N<\/u><u>\u00b0<\/u><u> 018-HCD-2016<\/u><\/h2>\n<h2 style=\"text-align: center;\"><u>FECHA: 30\u00a0 DE JUNIO DE 2016<\/u><\/h2>\n<p style=\"text-align: center;\">\n<h3><u>De las Actas<\/u>:<\/h3>\n<p><strong>1) \u00a0<u>Lectura y Aprobaci\u00f3n de Actas Anteriores.-<\/u><\/strong><br \/>\nActa\u00a0 N\u00ba 013\u00a0 del d\u00eda 26\u00a0 de Mayo\u00a0 de 2016 &#8212;&#8212;&#8212;&#8212;&#8212;&#8212;&#8212;&#8212;&#8212;&#8212;&#8212;&#8212;&#8212;&#8212;&#8212;&#8212;&#8212;<br \/>\nActa\u00a0 N\u00ba 014\u00a0 del d\u00eda\u00a0 02 de\u00a0 Junio de 2016 &#8212;&#8212;&#8212;&#8212;&#8212;&#8212;&#8212;&#8212;&#8212;&#8212;&#8212;&#8212;&#8212;&#8212;&#8212;&#8212;&#8211;<br \/>\n<strong><u>De los Despachos de Comisi\u00f3n.-<\/u><\/strong><\/p>\n<p style=\"text-align: justify;\"><strong>2) Nota R.<\/strong><strong> N\u00ba 395-HCD-16.- <\/strong>Despacho de Comisi\u00f3n, Proyecto de Resoluci\u00f3n, en ref.: AUTORIZAR el pedido efectuado por la Sra. ROSA GRACIELA TELLO,\u00a0 A ABONAR EN FORMA MENSUAL los importes que deba realizar para obtener la habilitaci\u00f3n comercial para la instalaci\u00f3n de una Verduler\u00eda y Fruter\u00eda en su casa ubicada en el B\u00ba 32 Viviendas del Plan Solidaridad, de esta localidad (seg\u00fan Resoluci\u00f3n N\u00ba 1656-HCD-16), y para ello se la except\u00faa de abonar dichos importes en un solo pago anticipado.-<\/p>\n<p style=\"text-align: justify;\">\n<p style=\"text-align: justify;\"><strong>\u00a0<\/strong><strong>3) Nota R.<\/strong><strong> N\u00ba 396-HCD-16.- <\/strong>Despacho de Comisi\u00f3n, Proyecto de\u00a0 Ordenanza, en ref.: MODIFICAR \u00a0la Ordenanza N\u00ba 744-HCD-2000, en relaci\u00f3n a los Indicadores Urban\u00edsticos FOS y FOT, en las zonas R1, R3, R4, R5 y T2.-<\/p>\n<p style=\"text-align: justify;\">\n<p style=\"text-align: justify;\"><strong>\u00a0<\/strong><strong>4) Nota R.<\/strong><strong> N\u00ba 397-HCD-16.- <\/strong>Despacho de Comisi\u00f3n, Proyecto de Nota al Sr. Marcos Garc\u00eda, en ref.: invitarlo a \u00a0Reuni\u00f3n de Comisi\u00f3n de Ambiente, el d\u00eda Mi\u00e9rcoles 6 de Julio del corriente a\u00f1o, a las 19:00 horas, para exponer sobre el Proyecto de \u201cInstalaci\u00f3n de Centro de Rescate y Rehabilitaci\u00f3n de Fauna Herpetol\u00f3gica\u201d.-<\/p>\n<p style=\"text-align: justify;\">\n<p style=\"text-align: justify;\"><strong>\u00a0<\/strong><strong>5) Nota R.<\/strong><strong> N\u00ba 398-HCD-16.- <\/strong>Despacho de Comisi\u00f3n, Proyecto de Nota a la Secretar\u00eda de Gesti\u00f3n Territorial. \u00c1rea Ambiente, Sra. Adriana Paradzik, en ref.: Invitarla a \u00a0Reuni\u00f3n de Comisi\u00f3n de Ambiente, el d\u00eda Mi\u00e9rcoles 6 de Julio del corriente a\u00f1o, a las 19:00 horas, donde se expondr\u00e1 sobre el Proyecto de \u201cInstalaci\u00f3n de Centro de Rescate y Rehabilitaci\u00f3n de Fauna Herpetol\u00f3gica\u201d.-<\/p>\n<p style=\"text-align: justify;\"><strong>\u00a0<\/strong><\/p>\n<p style=\"text-align: justify;\"><strong><u>De los Proyectos (y\/o propuestas de los Concejales)<\/u><\/strong><\/p>\n<p style=\"text-align: justify;\"><strong>6) Nota R.<\/strong><strong> N\u00ba 390-HCD-16.- <\/strong>Concejales Bloque Compromiso Federal, elevan nota para proponer invitar a reuni\u00f3n a los Directivos de las escuelas de la Villa de Merlo y a los Supervisores Regionales, para informar sobre los alcances de la Ley Nacional N\u00ba 25.599 de Turismo Estudiantil, todo en virtud de lo tratado en Comisi\u00f3n por la CPN Lorena Mart\u00ednez y el Sr. Roberto Garc\u00eda de la Oficina de Fiscalizaci\u00f3n del Ministerio de Turismo de la Naci\u00f3n.-<\/p>\n<p style=\"text-align: justify;\"><strong>(A criterio de los Sres. Concejales)<\/strong><\/p>\n<p style=\"text-align: justify;\">\n<p style=\"text-align: justify;\"><strong>\u00a0<\/strong><strong>7) Nota R.<\/strong><strong> N\u00ba 393-HCD-16.- <\/strong>Concejales Bloque Uni\u00f3n C\u00edvica Radical, elevan Proyecto de Ordenanza, en ref.: Habilitaciones Comerciales.-<\/p>\n<p style=\"text-align: justify;\"><strong>(Se sugiere pase a Comisi\u00f3n N\u00ba 2 de Gobierno)<\/strong><\/p>\n<p style=\"text-align: justify;\">\n<p style=\"text-align: justify;\"><strong>\u00a0<\/strong><strong>8) Nota R.<\/strong><strong> N\u00ba 394-HCD-16.- <\/strong>Concejales Bloque Compromiso Federal, eleva Proyecto de Resoluci\u00f3n, en ref.: Rendir el debido Homenaje al 42\u00ba Aniversario del paso a la Inmortalidad del Ex Presidente de la Naci\u00f3n Don Juan Domingo Per\u00f3n.-<\/p>\n<p style=\"text-align: justify;\"><strong>(A criterio de los Sres. Concejales)<\/strong><\/p>\n<p style=\"text-align: justify;\">\n<p style=\"text-align: justify;\"><strong>\u00a0<\/strong><strong><u>De las Comunicaciones Oficiales.-<\/u><\/strong><\/p>\n<p style=\"text-align: justify;\"><strong>9) Nota R. N\u00ba 380-HCD-16.- <\/strong>\u00c1rea Contable del H.C.D. eleva Balance del H.C.D. correspondiente al Primer Trimestre del a\u00f1o 2016, con las debidas correcciones realizadas.-<\/p>\n<p style=\"text-align: justify;\"><strong>(Se sugiere pase a Comisi\u00f3n N\u00ba 2 de Hacienda)<\/strong><\/p>\n<p style=\"text-align: justify;\">\n<p style=\"text-align: justify;\"><strong>10) Nota R. N\u00ba 381-HCD-16.- <\/strong>Secretaria de Turismo de la Municipalidad de la Villa de Merlo, Lic. Luc\u00eda Miranda, participa a la Presentaci\u00f3n de la Villa de Merlo en La Pampa el martes 28 de junio a las 11hs..-<\/p>\n<p style=\"text-align: justify;\"><strong>(Se sugiere pase a Archivo)<\/strong><\/p>\n<p style=\"text-align: justify;\">\n<p style=\"text-align: justify;\"><strong>11) Nota R.<\/strong><strong> N\u00ba 382-HCD-16.-<\/strong> Presidente del Honorable Concejo Deliberante, Sr. Mariano Stinga, responde Nota R. N\u00ba 367-HCD-16 presentada por Concejal Mar\u00eda Rosa Miravet y Concejal Dra. Viviana Mor\u00e1n mediante la cual solicitan se averig\u00fce la irregularidad en los procedimientos, para la aplicaci\u00f3n de la Ordenanza N\u00ba VII-0683-HCD-2015<\/p>\n<p style=\"text-align: justify;\"><strong>(A criterio de los Sres. Concejales)<\/strong><\/p>\n<p style=\"text-align: justify;\">\n<p style=\"text-align: justify;\"><strong>12) Nota R.<\/strong><strong> N\u00ba 385-HCD-16.- <\/strong>Presidente del Honorable Concejo Deliberante, Sr. Mariano Stinga, informa que estar\u00e1 ausente de la Villa de Merlo los d\u00edas lunes 27 y martes 28 de junio, dado que viajar\u00e1 a La Pampa en representaci\u00f3n del H.C.D. a la presentaci\u00f3n de Merlo en dicha provincia.-<\/p>\n<p style=\"text-align: justify;\"><strong>(Se sugiere pase a Archivo)<\/strong><\/p>\n<p style=\"text-align: justify;\">\n<p style=\"text-align: justify;\"><strong>13) Nota R.<\/strong><strong> N\u00ba 386-HCD-16.- <\/strong>Concejal Edgar Amaya, comunica que estar\u00e1 ausente los d\u00edas lunes 27 y martes 28 de junio debido a que asistir\u00e1 a la presentaci\u00f3n de la Marca Merlo en la Provincia de La Pampa.-<\/p>\n<p style=\"text-align: justify;\"><strong>(Se sugiere pase a Archivo)<\/strong><\/p>\n<p style=\"text-align: justify;\">\n<p style=\"text-align: justify;\"><strong>14) Nota R. N\u00ba 400-HCD-16.- <\/strong>Secretaria de Turismo de la Municipalidad de la Villa de Merlo, Lic. Luc\u00eda Miranda, informa nueva fecha para\u00a0 la Presentaci\u00f3n de la Villa de Merlo en Santa Rosa,\u00a0 La Pampa el mi\u00e9rcoles 06 de julio a las 11hs. en la Subsecretar\u00eda de Turismo de esa Ciudad.-<\/p>\n<p style=\"text-align: justify;\"><strong>(Se sugiere pase a Archivo)<\/strong><\/p>\n<p style=\"text-align: justify;\">\n<p style=\"text-align: justify;\"><strong>15) Nota R. N\u00ba 401-HCD-16.- <\/strong>Cooperativa de Provisi\u00f3n de Agua, Obras y Servicios Merlo Ltda., invita a su 50 Aniversario el d\u00eda Domingo 3 de Julio a las 17hs Acto P\u00fablico y 20hs. cena.-<\/p>\n<p style=\"text-align: justify;\"><strong>(Se sugiere pase a Archivo y nota de agradecimiento))<\/strong><\/p>\n<p style=\"text-align: justify;\">\n<p style=\"text-align: justify;\"><strong><u>De los Informes (y\/o solicitudes) del D.E.M..-<\/u><\/strong><\/p>\n<p style=\"text-align: justify;\"><strong>16) Nota R. N\u00ba 383-HCD-16.- <\/strong>Secretario de Gesti\u00f3n Territorial, Arq. Roberto Ot\u00e1lvares, responde Nota E. N\u00ba 110-HCD-16 y emite su opini\u00f3n respecto a pedido de la Sra. MARIA H. SEQUEIRA, de invasi\u00f3n de retiro de frente para preservar especies arb\u00f3reas.-<\/p>\n<p style=\"text-align: justify;\"><strong>(Se sugiere pase a Comisi\u00f3n N\u00ba 1 de Planeamiento)<\/strong><\/p>\n<p style=\"text-align: justify;\">\n<p style=\"text-align: justify;\"><strong>17) Nota R. N\u00ba 384-HCD-16.- <\/strong>Director de Obras Privadas de la Municipalidad de la Villa de Merlo, Arq. Nicol\u00e1s Rosatti, eleva nota presentada por la Sra. Irma Mabel Oviedo, sobre pedido de factibilidad del rubro forrajer\u00eda en Avda. Ferm\u00edn Romero N\u00ba 64, por no encontrarse dentro de los Usos especificados en la Ordenanza.-<\/p>\n<p style=\"text-align: justify;\"><strong>(Se sugiere pase a Comisi\u00f3n N\u00ba 1 de Planeamiento)<\/strong><\/p>\n<p style=\"text-align: justify;\">\n<p style=\"text-align: justify;\"><strong><u>De las Peticiones o Asuntos Particulares.-<\/u><\/strong><\/p>\n<p style=\"text-align: justify;\"><strong>18) Nota R.<\/strong><strong> N\u00ba 387-HCD-16.- <\/strong>Vecinos de Ex Calle Vecinal, ubicada en Cerro de Oro, antes del arroyo El Delf\u00edn, reiteran solicitud de nombre de calle realizada por presentaciones del a\u00f1o 2012 y 2014, el nombre propuesto es \u201cCUESTA ALGARROBOS BLANCOS\u201d.-<\/p>\n<p style=\"text-align: justify;\"><strong>(Se sugiere pase a Comisi\u00f3n N\u00ba 1 de Planeamiento)<\/strong><\/p>\n<p style=\"text-align: justify;\">\n<p style=\"text-align: justify;\"><strong>19) Nota R.<\/strong><strong> N\u00ba 388-HCD-16.- <\/strong>Sr. Ra\u00fal Eduardo Zalazar, solicita Banca del Vecino, para tratamiento y aplicaci\u00f3n de la Ley Provincial N\u00ba IX-0328-2004 de Incendios Forestales y Rurales y Decreto Reglamentario N\u00ba 2509-ML y RL-2005 .-<\/p>\n<p style=\"text-align: justify;\"><strong>(Se sugiere tratamiento sobre Tablas)<\/strong><\/p>\n<p style=\"text-align: justify;\">\n<p style=\"text-align: justify;\"><strong>\u00a0<\/strong><strong>20) Nota R.<\/strong><strong> N\u00ba 389-HCD-16.- <\/strong>Sr. Alejandro Mart\u00ed, solicita audiencia con la Comisi\u00f3n de Planeamiento para saber avances por su pedido de subdivisi\u00f3n solicitada mediante Nota R. N\u00ba 273-HCD-16.-<\/p>\n<p style=\"text-align: justify;\"><strong>(Se sugiere pase a Comisi\u00f3n N\u00ba 1 de Planeamiento)<\/strong><\/p>\n<p style=\"text-align: justify;\">\n<p style=\"text-align: justify;\"><strong>\u00a0<\/strong><strong>21) Nota R.<\/strong><strong> N\u00ba 391-HCD-16.- <\/strong>Asociaci\u00f3n de Trabajadores del Estado ATE-CTA, solicitan copia de Presupuesto completo y aprobado del periodo 2016 y\u00a0 que no se apruebe el Balance 2015 hasta no tener conocimiento del libre deuda de su organizaci\u00f3n gremial.-<\/p>\n<p style=\"text-align: justify;\"><strong>(A criterio de los Sres. Concejales)<\/strong><\/p>\n<p style=\"text-align: justify;\">\n<p style=\"text-align: justify;\"><strong>\u00a0<\/strong><strong>22) Nota R.<\/strong><strong> N\u00ba 392-HCD-16.- <\/strong>Escritor y Director de Cine, Sr. Iv\u00e1n M. Gazzo, solicita Declarar de Inter\u00e9s a la pel\u00edcula\/documental \u201cAmor y Fuego\u201d, la que narra a trav\u00e9s de entrevistas, la visi\u00f3n del Bombero Voluntario de la Villa de Merlo.-<\/p>\n<p style=\"text-align: justify;\"><strong>(A criterio de los Sres. Concejales)<\/strong><\/p>\n","protected":false},"excerpt":{"rendered":"<p>ORDEN DEL D\u00cdA &#8211; SESI\u00d3N ORDINARIA ACTA N\u00b0 018-HCD-2016 FECHA: 30\u00a0 DE JUNIO DE 2016 De las Actas: 1) \u00a0Lectura y Aprobaci\u00f3n de Actas Anteriores.- Acta\u00a0 N\u00ba 013\u00a0 del d\u00eda 26\u00a0 de Mayo\u00a0 de 2016 &#8212;&#8212;&#8212;&#8212;&#8212;&#8212;&#8212;&#8212;&#8212;&#8212;&#8212;&#8212;&#8212;&#8212;&#8212;&#8212;&#8212; Acta\u00a0 N\u00ba 014\u00a0 del d\u00eda\u00a0 02 de\u00a0 Junio de 2016 &#8212;&#8212;&#8212;&#8212;&#8212;&#8212;&#8212;&#8212;&#8212;&#8212;&#8212;&#8212;&#8212;&#8212;&#8212;&#8212;&#8211; De los Despachos de Comisi\u00f3n.- 2) Nota R.<\/p><\/div>\n<div class=\"blog-btn\"><a href=\"https:\/\/hcdvillademerlo.com\/index.php\/2016\/06\/30\/orden-del-dia-acta-n-018-hcd-2016-fecha-30-de-junio-de-2016\/\" class=\"home-blog-btn\">Leer m\u00e1s<\/a><\/p>\n","protected":false},"author":1,"featured_media":0,"comment_status":"closed","ping_status":"open","sticky":false,"template":"","format":"standard","meta":{"footnotes":""},"categories":[7],"tags":[],"class_list":["post-2283","post","type-post","status-publish","format-standard","hentry","category-orden-del-dia"],"_links":{"self":[{"href":"https:\/\/hcdvillademerlo.com\/index.php\/wp-json\/wp\/v2\/posts\/2283","targetHints":{"allow":["GET"]}}],"collection":[{"href":"https:\/\/hcdvillademerlo.com\/index.php\/wp-json\/wp\/v2\/posts"}],"about":[{"href":"https:\/\/hcdvillademerlo.com\/index.php\/wp-json\/wp\/v2\/types\/post"}],"author":[{"embeddable":true,"href":"https:\/\/hcdvillademerlo.com\/index.php\/wp-json\/wp\/v2\/users\/1"}],"replies":[{"embeddable":true,"href":"https:\/\/hcdvillademerlo.com\/index.php\/wp-json\/wp\/v2\/comments?post=2283"}],"version-history":[{"count":0,"href":"https:\/\/hcdvillademerlo.com\/index.php\/wp-json\/wp\/v2\/posts\/2283\/revisions"}],"wp:attachment":[{"href":"https:\/\/hcdvillademerlo.com\/index.php\/wp-json\/wp\/v2\/media?parent=2283"}],"wp:term":[{"taxonomy":"category","embeddable":true,"href":"https:\/\/hcdvillademerlo.com\/index.php\/wp-json\/wp\/v2\/categories?post=2283"},{"taxonomy":"post_tag","embeddable":true,"href":"https:\/\/hcdvillademerlo.com\/index.php\/wp-json\/wp\/v2\/tags?post=2283"}],"curies":[{"name":"wp","href":"https:\/\/api.w.org\/{rel}","templated":true}]}}