{"id":2240,"date":"2016-06-09T10:36:02","date_gmt":"2016-06-09T13:36:02","guid":{"rendered":"http:\/\/hcdvillademerlo.com.ar.j8a.com.ar\/?p=2240"},"modified":"2016-06-09T10:36:02","modified_gmt":"2016-06-09T13:36:02","slug":"orden-del-dia-acta-n-015-hcd-2016-fecha-09-de-junio-de-2016","status":"publish","type":"post","link":"https:\/\/hcdvillademerlo.com\/index.php\/2016\/06\/09\/orden-del-dia-acta-n-015-hcd-2016-fecha-09-de-junio-de-2016\/","title":{"rendered":"ORDEN DEL D\u00cdA &#8211;  ACTA N\u00b0 015-HCD-2016 &#8211; FECHA: 09  DE JUNIO DE 2016"},"content":{"rendered":"<h2 style=\"text-align: center\"><u>ORDEN DEL D\u00cdA &#8211; SESI\u00d3N ORDINARIA<\/u><\/h2>\n<h2 style=\"text-align: center\"><u>ACTA N<\/u><u>\u00b0<\/u><u> 015-HCD-2016<\/u><\/h2>\n<h2 style=\"text-align: center\"><u>FECHA: 09\u00a0 DE JUNIO DE 2016<\/u><\/h2>\n<p style=\"text-align: center\">\n<p style=\"text-align: justify\"><strong><u>BANCA DEL VECINO:<\/u><\/strong><\/p>\n<p style=\"text-align: justify\">Miembros de la Asociaci\u00f3n de Agencias de Viajes y Turismo (San Luis), para pedir modificaci\u00f3n de la Ordenanza de Transporte Tur\u00edstico IV-477-HCD-2012 y otros temas ligados a su sector<strong>. <\/strong>Solicitud Nota R. N\u00ba 269-HCD-16<\/p>\n<p style=\"text-align: justify\">\n<p style=\"text-align: justify\"><strong><u>De los Despachos de Comisi\u00f3n.-<\/u><\/strong><\/p>\n<p style=\"text-align: justify\"><strong>1) Nota R.<\/strong><strong> N\u00ba 335-HCD-16.- <\/strong>Despacho de Comisi\u00f3n, Proyecto de Nota al Secretario de Gesti\u00f3n Territorial, Arq. Roberto Ot\u00e1lvares, a fin de solicitar opini\u00f3n sobre su nota ingresada al H.C.D. como Nota E.N\u00ba 268-HCD-16 y que consiste en un pedido del Sr. WALTER POLLO, de cambio de domicilio de su Distribuidora de bebidas.-<\/p>\n<p style=\"text-align: justify\"><strong>2) Nota R.<\/strong><strong> N\u00ba 336-HCD-16.- <\/strong>Despacho de Comisi\u00f3n, Proyecto de\u00a0 Resoluci\u00f3n, en ref.: AUTORIZAR, pedido efectuado por la Raz\u00f3n Social \u201cSANTA MARIA DE LAS MERCEDES S.R.L.\u201d, representada por la Sra. ANA MARIA RADICCE,\u00a0 para la instalaci\u00f3n de un dep\u00f3sito de bebidas sobre Calle Carlos Gardel s\/n\u00ba (esquina Calle Onice) de \u00e9sta localidad, Secci\u00f3n 5, Manzana 75, Parcela 5, Zona Parque Industrial.-<\/p>\n<p style=\"text-align: justify\"><strong>3) Nota R.<\/strong><strong> N\u00ba 337-HCD-16.- <\/strong>Despacho de Comisi\u00f3n, Proyecto de Nota Secretario de Gesti\u00f3n Territorial, Arq. Roberto Ot\u00e1lvares, en ref. : remitir Nota R. N\u00ba 302 enviada al HCD por el Director de Obras Privadas de la Municipalidad de Merlo, sobre un pedido de la Sra. MARIA H. SEQUEIRA, de invasi\u00f3n de retiro de frente para preservar especies arb\u00f3reas, a fin de que previo a su tratamiento, sea considerado por el \u00c1rea Ambiente dependiente de esa Secretar\u00eda a su cargo, quien deber\u00e1 corroborar las especies en cuesti\u00f3n, distancias, y emitan opini\u00f3n frente a lo requerido.-<\/p>\n<p style=\"text-align: justify\"><strong><u>De los Proyectos (y\/o propuestas de los Concejales)<\/u><\/strong><\/p>\n<p style=\"text-align: justify\"><strong>4) Nota R.<\/strong><strong> N\u00ba 326-HCD-16.- <\/strong>Presidente del Honorable Concejo Deliberante, Sr. Mariano Stinga comunica ausencia los d\u00edas 6 y 7 de junio con motivo de realizarse una Presentaci\u00f3n de la nueva marca Villa de Merlo en la Ciudad de Rosario el d\u00eda martes 7 de junio.-<\/p>\n<p style=\"text-align: justify\">\n<p style=\"text-align: justify\"><strong>5)Nota R.<\/strong><strong> N\u00ba 327-HCD-16.- <\/strong>Concejal Dra. Viviana E. Mor\u00e1n, informa no poder asistir al H.C.D. los d\u00edas 6, 7 y 8 de junio por razones de salud, adjunta certificado m\u00e9dico.-<\/p>\n<p style=\"text-align: justify\">\n<p style=\"text-align: justify\"><strong><u>De las Comunicaciones Oficiales.-<\/u><\/strong><\/p>\n<p style=\"text-align: justify\"><strong>6) Nota R. N\u00ba 324-HCD-16.- <\/strong>Juez de Faltas Municipal, Dra. Emilia Zu\u00e1squita, responde Nota E. N\u00ba 092-HCD-16 mediante la cual se requiere se informe y remita lo actuado sobre Acta de inspecci\u00f3n N\u00ba 38913 por obra irregular en predio de la Empresa Turismo Impacto, e informa que en sus registros no posee ingreso de la misma, pero para no dilatar la investigaci\u00f3n de ha citado al denunciado para el d\u00eda 8 de junio.<\/p>\n<p style=\"text-align: justify\">\n<p style=\"text-align: justify\"><strong><u>De los Informes (y\/o solicitudes) del D.E.M..-<\/u><\/strong><\/p>\n<p style=\"text-align: justify\"><strong>7) Nota R. N\u00ba 313-HCD-16.- <\/strong>Secretario de Gesti\u00f3n Territorial, Arq. Roberto Ot\u00e1lvares, solicita se autorice el cobro de aquellos frentistas que excedan los 5 mts. c\u00fabicos de poda, con un monto equivalente a 5 UV (Unidades de Valor) por metro cubico de residuo, en marco de la Ordenanza N\u00ba VI-0555-HCD-13.-<\/p>\n<p style=\"text-align: justify\">\n<p style=\"text-align: justify\"><strong>8) Nota R. N\u00ba 314-HCD-16.- <\/strong>Director de Obras Privadas de la Municipalidad de la Villa de Merlo, Arq. Nicol\u00e1s Rosatti, eleva pedido de la Sra. Dorrego, Mar\u00eda Corina, en relaci\u00f3n a la habilitaci\u00f3n de un vivero en el Barrio Bosque Cha\u00f1ar.-<\/p>\n<p style=\"text-align: justify\">\n<p style=\"text-align: justify\"><strong>9) Nota R. N\u00ba 315-HCD-16.- <\/strong>Directora de Catastro de la Municipalidad de la Villa de Merlo, Sra. Sra. Rosana Sirka, remite Proyecto de Divisi\u00f3n del Sr. Acevedo, Rub\u00e9n, el mismo no posee Zonificaci\u00f3n seg\u00fan Ordenanzas vigentes y posee m\u00e1s de 5has.-<\/p>\n<p style=\"text-align: justify\">\n<p style=\"text-align: justify\"><strong>10) Nota R. N\u00ba 316-HCD-16.- <\/strong>Directora de Catastro de la Municipalidad de la Villa de Merlo, Sra. Rosana Sirka, eleva Proyecto de Divisi\u00f3n para someter al R\u00e9gimen de Propiedad Horizontal a nombre de Consorcio de Propietarios Edificio Napole\u00f3n, para evaluaci\u00f3n y para cumplimentar Ord. VIII-0681-HCD-2015.-<\/p>\n<p style=\"text-align: justify\">\n<p style=\"text-align: justify\"><strong>11) Nota R. N\u00ba 320-HCD-16.- <\/strong>Directora de Catastro de la Municipalidad de la Villa de Merlo, Sra. Rosana Sirka, eleva Proyecto de Divisi\u00f3n para someter al R\u00e9gimen de Propiedad Horizontal a nombre de Corral, Oscar Alberto, para evaluaci\u00f3n y para cumplimentar Ord. VIII-0681-HCD-2015.-<\/p>\n<p style=\"text-align: justify\">\n<p style=\"text-align: justify\"><strong>12)<\/strong><strong>Nota R. N\u00ba 325-HCD-16.- <\/strong>Secretaria de Turismo de la Municipalidad de la Villa de Merlo, Lic. Luc\u00eda Miranda, eleva nota para informar que el Ente Mixto de Promoci\u00f3n Tur\u00edstica realizar\u00e1 una presentaci\u00f3n de la nueva marca Villa de Merlo, en la ciudad de Rosario el martes 7 de junio donde estar\u00e1 presente el Sr. Intendente, los Concejales representantes del EMIPROTUR y representantes del sector hotelero y tur\u00edstico de la Villa de Merlo.-<\/p>\n<p style=\"text-align: justify\">\n<p style=\"text-align: justify\"><strong>13) <\/strong><strong>Nota R. N\u00ba 330-HCD-16.- <\/strong>Director de Obras Privadas de la Municipalidad de la Villa de Merlo, Arq. Nicol\u00e1s Rosatti, eleva pedido de habilitaci\u00f3n de verduler\u00eda y fruter\u00eda en su domicilio particular ubicado en Barrio 132 viviendas \u201cSolidaridad\u201d, a nombre de la Sra. Tello, Rosa Graciela, y expone razones de su solicitud.-<\/p>\n<p style=\"text-align: justify\">\n<p style=\"text-align: justify\"><strong>14) Nota R. N\u00ba 331-HCD-16.- <\/strong>Secretario de Gesti\u00f3n Territorial, Arq. Roberto Ot\u00e1lvares, eleva solicitud de divisi\u00f3n de propiedad por razones de salud, adjunta informe Socio-Econ\u00f3mico y otra documentaci\u00f3n respaldatoria.-<\/p>\n<p style=\"text-align: justify\">\n<p style=\"text-align: justify\"><strong><u>De las Peticiones o Asuntos Particulares.-<\/u><\/strong><\/p>\n<p style=\"text-align: justify\"><strong>15) Nota R.<\/strong><strong> N\u00ba 317-HCD-16.- <\/strong>integrantes de la Comisi\u00f3n Barrial del \u201cBarrio 272 Viviendas\u201d invitan a una reuni\u00f3n en la confiter\u00eda la Vieja Estaci\u00f3n, a las 18 hs, para tratar temas referidos a la construcci\u00f3n del Barrio.-<\/p>\n<p style=\"text-align: justify\">\n<p style=\"text-align: justify\"><strong>16) Nota R.<\/strong><strong> N\u00ba 328-HCD-16.- <\/strong>Sr. Daniel Cazeaux, eleva nota en ref. a Nota Emitida\u00a0 N\u00ba 083-H.C.D-16, mediante la cual se inform\u00f3 sobre lo actuado por su reclamo por incremento de tasas municipales y manifiesta que lo expresado en ella no corresponde y formula fundamentaci\u00f3n.-<\/p>\n<p style=\"text-align: justify\">\n<p style=\"text-align: justify\"><strong>17) Nota R.<\/strong><strong> N\u00ba 329-HCD-16.- <\/strong>Sr. Elvio Javier Guy y Gabriela Alejandra Santa Cruz, solicita reuni\u00f3n con la\u00a0 comisi\u00f3n de Planeamiento, para brindar informaci\u00f3n de mucha importancia sobre Resoluci\u00f3n 1638-HCD-2016 mediante la cual se rechaza Visado Previo de un Plano de Ampliaci\u00f3n con destino a local comercial y vivienda unifamiliar.-<\/p>\n<p style=\"text-align: justify\">\n<p style=\"text-align: justify\"><strong>18) Nota R.<\/strong><strong> N\u00ba 332-HCD-16.- <\/strong>Sra. Patricia Liliana Mui\u00f1o, eleva nota solicitando unificar 3 lotes de su propiedad ubicados en Barrio Las Moreras y expone razones.-<\/p>\n<p style=\"text-align: justify\">\n<p style=\"text-align: justify\"><strong>19) Nota R.<\/strong><strong> N\u00ba 333-HCD-16.- <\/strong>Sra. Irma Graciela Bustos, eleva nota en ref.: Resoluci\u00f3n 1591-HCD-15: Aprobaci\u00f3n Plano de Divisi\u00f3n.-<\/p>\n<p style=\"text-align: justify\">\n<p style=\"text-align: justify\"><strong>20)<\/strong><strong> Nota R.<\/strong><strong> N\u00ba 334-HCD-16.- <\/strong>Asociaci\u00f3n Cultural Antonio Esteban Ag\u00fcero, eleva propuesta de Declaratoria para el pr\u00f3ximo a\u00f1o 2017, A\u00f1o de Antonio Esteban Ag\u00fcero e invitan al Acto en su honor el d\u00eda 18 de junio a las 17hs en la Casa del Poeta.-<\/p>\n<p style=\"text-align: justify\">\n","protected":false},"excerpt":{"rendered":"<p>ORDEN DEL D\u00cdA &#8211; SESI\u00d3N ORDINARIA ACTA N\u00b0 015-HCD-2016 FECHA: 09\u00a0 DE JUNIO DE 2016 BANCA DEL VECINO: Miembros de la Asociaci\u00f3n de Agencias de Viajes y Turismo (San Luis), para pedir modificaci\u00f3n de la Ordenanza de Transporte Tur\u00edstico IV-477-HCD-2012 y otros temas ligados a su sector. Solicitud Nota R. N\u00ba 269-HCD-16 De los Despachos<\/p><\/div>\n<div class=\"blog-btn\"><a href=\"https:\/\/hcdvillademerlo.com\/index.php\/2016\/06\/09\/orden-del-dia-acta-n-015-hcd-2016-fecha-09-de-junio-de-2016\/\" class=\"home-blog-btn\">Leer m\u00e1s<\/a><\/p>\n","protected":false},"author":1,"featured_media":0,"comment_status":"closed","ping_status":"open","sticky":false,"template":"","format":"standard","meta":{"footnotes":""},"categories":[7],"tags":[],"class_list":["post-2240","post","type-post","status-publish","format-standard","hentry","category-orden-del-dia"],"_links":{"self":[{"href":"https:\/\/hcdvillademerlo.com\/index.php\/wp-json\/wp\/v2\/posts\/2240","targetHints":{"allow":["GET"]}}],"collection":[{"href":"https:\/\/hcdvillademerlo.com\/index.php\/wp-json\/wp\/v2\/posts"}],"about":[{"href":"https:\/\/hcdvillademerlo.com\/index.php\/wp-json\/wp\/v2\/types\/post"}],"author":[{"embeddable":true,"href":"https:\/\/hcdvillademerlo.com\/index.php\/wp-json\/wp\/v2\/users\/1"}],"replies":[{"embeddable":true,"href":"https:\/\/hcdvillademerlo.com\/index.php\/wp-json\/wp\/v2\/comments?post=2240"}],"version-history":[{"count":0,"href":"https:\/\/hcdvillademerlo.com\/index.php\/wp-json\/wp\/v2\/posts\/2240\/revisions"}],"wp:attachment":[{"href":"https:\/\/hcdvillademerlo.com\/index.php\/wp-json\/wp\/v2\/media?parent=2240"}],"wp:term":[{"taxonomy":"category","embeddable":true,"href":"https:\/\/hcdvillademerlo.com\/index.php\/wp-json\/wp\/v2\/categories?post=2240"},{"taxonomy":"post_tag","embeddable":true,"href":"https:\/\/hcdvillademerlo.com\/index.php\/wp-json\/wp\/v2\/tags?post=2240"}],"curies":[{"name":"wp","href":"https:\/\/api.w.org\/{rel}","templated":true}]}}