{"id":2166,"date":"2016-06-03T08:37:16","date_gmt":"2016-06-03T11:37:16","guid":{"rendered":"http:\/\/hcdvillademerlo.com.ar.j8a.com.ar\/?p=2166"},"modified":"2016-06-03T08:37:16","modified_gmt":"2016-06-03T11:37:16","slug":"orden-del-dia-sesion-especial-extraordinaria-sesion-verde-03-06-16","status":"publish","type":"post","link":"https:\/\/hcdvillademerlo.com\/index.php\/2016\/06\/03\/orden-del-dia-sesion-especial-extraordinaria-sesion-verde-03-06-16\/","title":{"rendered":"ORDEN DEL DIA- SESION ESPECIAL EXTRAORDINARIA &quot;SESI\u00d3N VERDE&quot; 03.06.16"},"content":{"rendered":"<h2 style=\"text-align: center\"><span style=\"color: #333300\"><u>O<\/u><u>RDEN DEL D\u00cdA<\/u><\/span><\/h2>\n<h2 style=\"text-align: center\"><span style=\"color: #333300\"><u>SESI\u00d3N ESPECIAL EXTRAORDINARIA<\/u><\/span><\/h2>\n<h2 style=\"text-align: center\"><span style=\"color: #333300\">\u201c<u>SESI\u00d3N VERDE<\/u>\u201d<\/span><\/h2>\n<h2 style=\"text-align: center\"><span style=\"color: #333300\"><u>FECHA: 03 DE JUNIO DE 2016<\/u><\/span><\/h2>\n<p>&nbsp;<\/p>\n<p style=\"text-align: justify\"><strong><u>De los Despachos de Comisi\u00f3n.-<\/u><\/strong><\/p>\n<p style=\"text-align: justify\"><strong>1) Nota R.<\/strong><strong> N\u00ba \u00a0318-HCD-16.- <\/strong>Despacho de Comisi\u00f3n, Proyecto de Ordenanza, en ref.: Fondo de Concientizaci\u00f3n y Capacitaci\u00f3n Ambiental.<\/p>\n<p style=\"text-align: justify\"><strong>2) Nota<\/strong><strong> R.<\/strong><strong> N\u00ba 319-HCD-16.- <\/strong>Despacho de Comisi\u00f3n, Proyecto de Ordenanza, en ref.: Prohibici\u00f3n de utilizaci\u00f3n Bolsas de Polietileno.-<\/p>\n<p style=\"text-align: justify\">\n<p style=\"text-align: justify\"><strong><u>De los Proyectos (y\/o propuestas de los Concejales)<\/u><\/strong><\/p>\n<p style=\"text-align: justify\"><strong>3) Nota R.<\/strong><strong> N\u00ba 308-HCD-16.- <\/strong>Concejales Bloque Compromiso Federal, elevan Proyecto de Ordenanza, en ref.: Programa Municipal de Oficinas Sustentables.-<\/p>\n<p style=\"text-align: justify\"><strong>4) Nota R.<\/strong><strong> N\u00ba 312-HCD-16.- <\/strong>Concejales Bloque Uni\u00f3n C\u00edvica Radical, elevan Proyecto de Ordenanza en ref.: Programa-Identidad Arb\u00f3rea de nuestras Calles.-<\/p>\n<p style=\"text-align: justify\">\n<p style=\"text-align: justify\"><strong><u>De las Comunicaciones Oficiales.-<\/u><\/strong><\/p>\n<p style=\"text-align: justify\"><strong>5) Nota R. N\u00ba 323-HCD-16.- <\/strong>Honorable C\u00e1mara de Senadores de la Provincia de San Luis, eleva Resoluci\u00f3n N\u00ba 21-HCS-16, en\u00a0 ref.: Declarar de Inter\u00e9s Legislativo la \u201cSemana Verde\u201d a desarrollarse del 2 al 5 de junio de 2016 en la Villa de Merlo, Provincia de San Luis.<\/p>\n<p style=\"text-align: justify\"><strong>\u00a0<\/strong><\/p>\n<p style=\"text-align: justify\"><strong><u>De los Informes (y\/o solicitudes) del D.E.M..-<\/u><\/strong><\/p>\n<p style=\"text-align: justify\"><strong>6) Nota R. N\u00ba 300-HCD-16.- <\/strong>Secretario de Gobierno de la Municipalidad de la Villa de Merlo, eleva copia de Convenio de Donaci\u00f3n, entre la Municipalidad y los Sres. Hugo Ferm\u00edn Romero y Mario C\u00e9sar Romero, para conocimiento.-<\/p>\n<p style=\"text-align: justify\">\n<p style=\"text-align: justify\"><strong><u>De las Peticiones o Asuntos Particulares.-<\/u><\/strong><\/p>\n<p style=\"text-align: justify\"><strong>7) Nota R.<\/strong><strong> N\u00ba 286-HCD-16.- <\/strong>Sr. Hern\u00e1n Mandato por Hache Producciones, solicita se Declare de Inter\u00e9s Municipal el programa televisivo \u201cLa Br\u00fajula\u201d con orientaci\u00f3n Tur\u00edstico- Ambiental.-<\/p>\n<p style=\"text-align: justify\"><strong>8) Nota R.<\/strong><strong> N\u00ba 287-HCD-16.- <\/strong>Fundaci\u00f3n Tierra de Oro, solicita tengan a bien considerar la Declaraci\u00f3n de Inter\u00e9s de su Programa \u201cCerca del \u00c1rbol\u201d.-<\/p>\n<p style=\"text-align: justify\"><strong>9) Nota R.<\/strong><strong> N\u00ba 290-HCD-16.- <\/strong>Presidente de la Fundaci\u00f3n \u201cAnimalizando\u201d, Sra. Adriana Napolik e integrante de la Asociaci\u00f3n Patrimonio Natural, Sra. Liliana Murga, solicitan se realice Estudio de Pasivo Ambiental en Predio del Ex. Vertedero Municipal.-<\/p>\n<p style=\"text-align: justify\"><strong>10) Nota R.<\/strong><strong> N\u00ba 291-HCD-16.- <\/strong>Presidente de la Fundaci\u00f3n \u201cAnimalizando\u201d, Sra. Adriana Napolik e integrante de la Asociaci\u00f3n Patrimonio Natural, Sra. Liliana Murga, solicitan se elabore una Ordenanza declarando la obligatoriedad de la esterilizaci\u00f3n de perros y gatos.-<\/p>\n<p style=\"text-align: justify\"><strong>11) Nota R.<\/strong><strong> N\u00ba 292-HCD-16.- <\/strong>Presidente de la Fundaci\u00f3n \u201cAnimalizando\u201d, Sra. Adriana Napolik e integrante de la Asociaci\u00f3n Patrimonio Natural, Sra. Liliana Murga, solicitan poder exponer en la Sesi\u00f3n Verde.-<\/p>\n<p style=\"text-align: justify\"><strong>12) Nota R.<\/strong><strong> N\u00ba 293-HCD-16.- <\/strong>Presidenta de la Asociaci\u00f3n de Responsabilidad Ciudadana, Sra. Mar\u00eda Rosa Miravet y Directora de la Fundaci\u00f3n Espacios Verdes, Sra. Ana Mar\u00eda Di Meola, elevan Proyecto denominado \u201cVoluntariado Social Ambiental\u201d y solicitan declararlo de Inter\u00e9s Legislativo.-<\/p>\n<p style=\"text-align: justify\"><strong>13) Nota R.<\/strong><strong> N\u00ba 321-HCD-16.- <\/strong>Presidente de la Fundaci\u00f3n \u201cAnimalizando\u201d, Sra. Adriana Napolik e integrante de la Asociaci\u00f3n Patrimonio Natural, del Club observadores de Aves \u201cChiguanco\u201d y de la Reserva Natural Privada \u201cDon F\u00e9lix y Sacha Juan\u201d, Sra. Liliana Murga, solicitan la promoci\u00f3n de la Creaci\u00f3n de Reservas Naturales Privadas y Naturales en la Villa de Merlo, en apoyo a la Ley Provincial de \u00c1reas Naturales Protegidas.-<\/p>\n<p style=\"text-align: justify\"><strong>14) Nota R.<\/strong><strong> N\u00ba 322-HCD-16.- <\/strong>Presidente de la Fundaci\u00f3n \u201cAnimalizando\u201d, Sra. Adriana Napolik e integrante de la Asociaci\u00f3n Patrimonio Natural, Sra. Liliana Murga, solicitan se redacte una Ordenanza para la creaci\u00f3n de un Centro de Zoonosis imprescindible para la poblaci\u00f3n.-<\/p>\n<p>&nbsp;<\/p>\n","protected":false},"excerpt":{"rendered":"<p>ORDEN DEL D\u00cdA SESI\u00d3N ESPECIAL EXTRAORDINARIA \u201cSESI\u00d3N VERDE\u201d FECHA: 03 DE JUNIO DE 2016 &nbsp; De los Despachos de Comisi\u00f3n.- 1) Nota R. N\u00ba \u00a0318-HCD-16.- Despacho de Comisi\u00f3n, Proyecto de Ordenanza, en ref.: Fondo de Concientizaci\u00f3n y Capacitaci\u00f3n Ambiental. 2) Nota R. N\u00ba 319-HCD-16.- Despacho de Comisi\u00f3n, Proyecto de Ordenanza, en ref.: Prohibici\u00f3n de utilizaci\u00f3n<\/p><\/div>\n<div class=\"blog-btn\"><a href=\"https:\/\/hcdvillademerlo.com\/index.php\/2016\/06\/03\/orden-del-dia-sesion-especial-extraordinaria-sesion-verde-03-06-16\/\" class=\"home-blog-btn\">Leer m\u00e1s<\/a><\/p>\n","protected":false},"author":1,"featured_media":0,"comment_status":"closed","ping_status":"open","sticky":false,"template":"","format":"standard","meta":{"footnotes":""},"categories":[7],"tags":[],"class_list":["post-2166","post","type-post","status-publish","format-standard","hentry","category-orden-del-dia"],"_links":{"self":[{"href":"https:\/\/hcdvillademerlo.com\/index.php\/wp-json\/wp\/v2\/posts\/2166","targetHints":{"allow":["GET"]}}],"collection":[{"href":"https:\/\/hcdvillademerlo.com\/index.php\/wp-json\/wp\/v2\/posts"}],"about":[{"href":"https:\/\/hcdvillademerlo.com\/index.php\/wp-json\/wp\/v2\/types\/post"}],"author":[{"embeddable":true,"href":"https:\/\/hcdvillademerlo.com\/index.php\/wp-json\/wp\/v2\/users\/1"}],"replies":[{"embeddable":true,"href":"https:\/\/hcdvillademerlo.com\/index.php\/wp-json\/wp\/v2\/comments?post=2166"}],"version-history":[{"count":0,"href":"https:\/\/hcdvillademerlo.com\/index.php\/wp-json\/wp\/v2\/posts\/2166\/revisions"}],"wp:attachment":[{"href":"https:\/\/hcdvillademerlo.com\/index.php\/wp-json\/wp\/v2\/media?parent=2166"}],"wp:term":[{"taxonomy":"category","embeddable":true,"href":"https:\/\/hcdvillademerlo.com\/index.php\/wp-json\/wp\/v2\/categories?post=2166"},{"taxonomy":"post_tag","embeddable":true,"href":"https:\/\/hcdvillademerlo.com\/index.php\/wp-json\/wp\/v2\/tags?post=2166"}],"curies":[{"name":"wp","href":"https:\/\/api.w.org\/{rel}","templated":true}]}}