{"id":2143,"date":"2016-06-02T08:28:26","date_gmt":"2016-06-02T11:28:26","guid":{"rendered":"http:\/\/hcdvillademerlo.com.ar.j8a.com.ar\/?p=2143"},"modified":"2016-06-02T08:28:26","modified_gmt":"2016-06-02T11:28:26","slug":"orden-del-dia-acta-n-014-hcd-2016-fecha-02-de-junio-de-2016","status":"publish","type":"post","link":"https:\/\/hcdvillademerlo.com\/index.php\/2016\/06\/02\/orden-del-dia-acta-n-014-hcd-2016-fecha-02-de-junio-de-2016\/","title":{"rendered":"ORDEN DEL D\u00cdA &#8211; ACTA N\u00b0 014-HCD-2016 &#8211; FECHA: 02  DE JUNIO DE 2016"},"content":{"rendered":"<h2 style=\"text-align: center\"><u>ORDEN DEL D\u00cdA &#8211; SESI\u00d3N ORDINARIA<\/u><\/h2>\n<h2 style=\"text-align: center\"><u>ACTA N<\/u><u>\u00b0<\/u><u> 014-HCD-2016<\/u><\/h2>\n<h2 style=\"text-align: center\"><u>FECHA: 02\u00a0 DE JUNIO DE 2016<\/u><\/h2>\n<p>&nbsp;<\/p>\n<p style=\"text-align: justify\"><strong><u>De los Despachos de Comisi\u00f3n.-<\/u><\/strong><\/p>\n<p style=\"text-align: justify\"><strong>1) Nota R.<\/strong><strong> N\u00ba 294-HCD-16.- <\/strong>Despacho de Comisi\u00f3n, Proyecto de Nota a Secretario de Gesti\u00f3n Territorial, Arq. Roberto Ot\u00e1lvares, en ref.: solicitarle que a trav\u00e9s del \u00c1rea correspondiente se constituya en el inmueble de la Sra. Sof\u00eda Carre\u00f1o, a fin de constatar los metros cuadrados aproximados de construcci\u00f3n y situaci\u00f3n de la edificaci\u00f3n.-<\/p>\n<p style=\"text-align: justify\"><strong>\u00a0<\/strong><\/p>\n<p style=\"text-align: justify\"><strong>2) Nota R.<\/strong><strong> N\u00ba 295-HCD-16.- <\/strong>Despacho de Comisi\u00f3n, Proyecto de\u00a0 Nota al responsable de Obras P\u00fablicas, Arq. Claudio Flores, en ref.: responder solicitud Nota R. N\u00ba 220-HCD-16, sobre pedido de la firma S\u00faper Imperio S.A. para instalar m\u00e1s estacionamientos de motos y bicicletas en Calle Poeta Ag\u00fcero al 350 y comunicarle que en el caso deber\u00e1 ajustarse a la Ordenanza N\u00ba X-0473-HCD-2012 y otras, por lo cual, este H.C.D. no autoriza la solicitud en cuesti\u00f3n.-<\/p>\n<p style=\"text-align: justify\"><strong>\u00a0<\/strong><strong>\u00a0<\/strong><\/p>\n<p style=\"text-align: justify\"><strong>3) Nota R.<\/strong><strong> N\u00ba 296-HCD-16.- <\/strong>Despacho de Comisi\u00f3n, Proyecto de Nota a Secretario de Gesti\u00f3n Territorial, Arq. Roberto Ot\u00e1lvares, en ref.: responder solicitud Nota R. N\u00ba 212-HCD-16, por pedido de profesionales y propietarios del Club de Campo Chumamaya para la utilizaci\u00f3n de tejas tipo cer\u00e1mica color negro y comunicarle que este Concejo ha resuelto que el pedido no procede por no encuadrarse en las Ordenanzas vigentes.-<\/p>\n<p style=\"text-align: justify\"><strong>\u00a0<\/strong><strong>\u00a0<\/strong><\/p>\n<p style=\"text-align: justify\"><strong>4) Nota R.<\/strong><strong> N\u00ba 297-HCD-16.- <\/strong>Despacho de Comisi\u00f3n, Proyecto de Resoluci\u00f3n, en ref.: Autorizar reemplazo de materiales, en relaci\u00f3n al pedido del Sr. MATIAS RUBEN RIVALTA correspondiente al Local Comercial de su propiedad, ubicado en Calle Caminito del Norte N\u00ba 609, de esta Villa de Merlo, San Luis.-<\/p>\n<p style=\"text-align: justify\"><strong>\u00a0<\/strong><strong>\u00a0<\/strong><strong>\u00a0<\/strong><\/p>\n<p style=\"text-align: justify\"><strong>\u00a0<\/strong><strong>5) Nota R.<\/strong><strong> N\u00ba 298-HCD-16.- <\/strong>Despacho de Comisi\u00f3n, Proyecto de Nota al Colegio de Escribanos de la Provincia de San Luis, en ref.: reiterar solicitud de copia de la Escritura N\u00ba 33, de fecha 16 de Febrero de 1985, autorizada por el Registro Notarial N\u00ba 60, a cargo del Escribano Miguel D\u2019Aloisio, y las partes son Sres. Daniel Gatafoni y Domenico Colombo (este \u00faltimo por \u201cSILGAT S.A. y se fundamenta dicha solicitud.-<\/p>\n<p style=\"text-align: justify\"><strong>\u00a0<\/strong><strong>\u00a0<\/strong><\/p>\n<p style=\"text-align: justify\"><strong>6) Nota R.<\/strong><strong> N\u00ba 299-HCD-16.- <\/strong>Despacho de Comisi\u00f3n, Proyecto de\u00a0 Nota al Director de Obras Privadas de la Municipalidad de Merlo, Arq. Nicol\u00e1s Rosatti, en ref.: responder solicitud Nota R. N\u00ba 262-HCD-16 sobre presentaci\u00f3n realizada por el Arquitecto Rodrigo \u00c1lvarez, en relaci\u00f3n al quincho del Hotel Flamingo, seg\u00fan Ordenanza 757-HCD-00 punto 4.10.2.1 \u201cCubiertas de Material no Permanente\u201d y se le informa que ser\u00e1 la Comisi\u00f3n Reguladora de Obras, la que dictamine sobre el tema.-<\/p>\n<p style=\"text-align: justify\">\n<p style=\"text-align: justify\">\n<p style=\"text-align: justify\"><strong><u>De los Proyectos (y\/o propuestas de los Concejales)<\/u><\/strong><\/p>\n<p style=\"text-align: justify\"><strong>7) Nota R.<\/strong><strong> N\u00ba 306-HCD-16.- <\/strong>Concejal Jorge Alberto Donda, solicita que el H.C.D. adhiera al Proyecto de Declaraci\u00f3n aprobado por la C\u00e1mara de Diputados de la Provincia de San Luis, respecto a que el Poder Ejecutivo Provincial incorpore en el Presupuesto 2017 la construcci\u00f3n de un Centro de Salud, un puesto Policial y una escuela p\u00fablica en la construcci\u00f3n del Barrio 272 viviendas de la Villa de Merlo.-<\/p>\n<p style=\"text-align: justify\"><strong>(A criterio de los Sres. Concejales)<\/strong><\/p>\n<p style=\"text-align: justify\">\n<p style=\"text-align: justify\">\n<p style=\"text-align: justify\"><strong>9) Nota R.<\/strong><strong> N\u00ba 310-HCD-16.- <\/strong>Concejales del Bloque Compromiso Federal, elevan Proyecto de Resoluci\u00f3n, en ref.: solicitar e instar al Poder Ejecutivo Nacional y por su intermedio ante quien corresponda a rever el desmedido aumento de las tarifas de gas natural.-<\/p>\n<p style=\"text-align: justify\"><strong>(A criterio de los Sres. Concejales)<\/strong><\/p>\n<p style=\"text-align: justify\">\n<p style=\"text-align: justify\">\n<p style=\"text-align: justify\"><strong><u>De los Informes (y\/o solicitudes) del D.E.M..-<\/u><\/strong><\/p>\n<p style=\"text-align: justify\"><strong>11) Nota R. N\u00ba 282-HCD-16.- <\/strong>Director de Obras Privadas de la Municipalidad de la Villa de Merlo, Arq. Nicol\u00e1s Rosatti, eleva para tratamiento el Expte. de la Arq. Mar\u00eda E. Cabeza, la cual solicita modificaci\u00f3n de los Retiros requeridos para la Zona, terreno ubicado en Avda. Dos Venados.-<\/p>\n<p style=\"text-align: justify\"><strong>(Se sugiere pase a Comisi\u00f3n N\u00ba 1 de Planeamiento)<\/strong><\/p>\n<p style=\"text-align: justify\">\n<p style=\"text-align: justify\"><strong>12) Nota R. N\u00ba 283-HCD-16.- <\/strong>Director de Obras Privadas de la Municipalidad de la Villa de Merlo, Arq. Nicol\u00e1s Rosatti, eleva Proyecto de ampliaci\u00f3n de Gallo de Iodice, Alicia Noem\u00ed, ubicado en Avda. Jos\u00e9 Mercau esq. Calle Las Tres Mar\u00edas, solicita permiso para construcci\u00f3n de una d\u00e1rsena de Estacionamiento y reducci\u00f3n de retiro de la l\u00ednea Municipal, eleva copia de plano y nota del M.M.O. Gui\u00f1az\u00fa, Carlos.-<\/p>\n<p style=\"text-align: justify\"><strong>(Se sugiere pase a Comisi\u00f3n N\u00ba 1 de Planeamiento)<\/strong><\/p>\n<p style=\"text-align: justify\">\n<p style=\"text-align: justify\">\n<p style=\"text-align: justify\"><strong>13) Nota R. N\u00ba 301-HCD-16.- <\/strong>Director de Obras Privadas de la Municipalidad de la Villa de Merlo, Arq. Nicol\u00e1s Rosatti, solicita permiso de conexi\u00f3n de luz en la propiedad de la Sra. Ana Mar\u00eda Polon\u00ed, adjunta documentaci\u00f3n.-<\/p>\n<p style=\"text-align: justify\"><strong>(Se sugiere pase a Comisi\u00f3n N\u00ba 1 de Planeamiento)<\/strong><\/p>\n<p style=\"text-align: justify\">\n<p style=\"text-align: justify\">\n<p style=\"text-align: justify\"><strong>14) Nota R. N\u00ba 302-HCD-16.- <\/strong>Director de Obras Privadas de la Municipalidad de la Villa de Merlo, Arq. Nicol\u00e1s Rosatti, solicita se considere la nota presentada por la Sra. Mar\u00eda H. Sequeira quien pide rever un Proyecto presentado a la Direcci\u00f3n de Obras Privadas, por no cumplir con retiro de frente para poder salvar especies arb\u00f3reas.-<\/p>\n<p style=\"text-align: justify\"><strong>(Se sugiere pase a Comisi\u00f3n N\u00ba 1 de Planeamiento)<\/strong><\/p>\n<p style=\"text-align: justify\">\n<p style=\"text-align: justify\">\n<p style=\"text-align: justify\"><strong>15) Nota R. N\u00ba 303-HCD-16.- <\/strong>Director de Obras Privadas de la Municipalidad de la Villa de Merlo, Arq. Nicol\u00e1s Rosatti, eleva solicitud de Zonificaci\u00f3n para Barrio Bosque Cha\u00f1ar y Las Moreras I.-<\/p>\n<p style=\"text-align: justify\"><strong>(Se sugiere pase a Comisi\u00f3n N\u00ba 1 de Planeamiento)<\/strong><\/p>\n<p style=\"text-align: justify\">\n<p style=\"text-align: justify\">\n<p style=\"text-align: justify\"><strong>16) Nota R. N\u00ba 304-HCD-16.-\u00a0 <\/strong>Director de Obras Privadas de la Municipalidad de la Villa de Merlo, Arq. Nicol\u00e1s Rosatti, solicita permiso para la conexi\u00f3n de luz en la propiedad de la Sra. In\u00e9s Tejeda,\u00a0 con domicilio en la Calle El Ceibo del Barrio San Agust\u00edn, adjunta documentaci\u00f3n.-<\/p>\n<p style=\"text-align: justify\"><strong>(Se sugiere pase a Comisi\u00f3n N\u00ba 1 de Planeamiento)<\/strong><\/p>\n<p style=\"text-align: justify\">\n<p style=\"text-align: justify\">\n<p style=\"text-align: justify\"><strong><u>De las Peticiones o Asuntos Particulares.-<\/u><\/strong><\/p>\n<p style=\"text-align: justify\"><strong>17) Nota R.<\/strong><strong> N\u00ba 279-HCD-16.- <\/strong>Sr. Omar Abel Ram\u00edrez, plantea la Nulidad y Formal Reconsideraci\u00f3n en contra del Acto Administrativo Resoluci\u00f3n N\u00ba 1635-HCD-16, mediante la cual se ordena el rechazo del pedido de subdivisi\u00f3n de inmueble por anticipo de herencia.-<\/p>\n<p style=\"text-align: justify\"><strong>(Se sugiere pase a Comisi\u00f3n N\u00ba 1 de Planeamiento)<\/strong><\/p>\n<p style=\"text-align: justify\"><strong>\u00a0<\/strong><strong>\u00a0<\/strong><\/p>\n<p style=\"text-align: justify\"><strong>18) Nota R.<\/strong><strong> N\u00ba 280-HCD-16.- <\/strong>Sr. Florentino Quispe Relos, solicita autorizaci\u00f3n para instalar en el domicilio del Sr. Urbano Posavoni, con domicilio en Avda. Norte 2300, venta de verduras y hortalizas de su producci\u00f3n, los d\u00edas mi\u00e9rcoles de 9 a 13hs.-<\/p>\n<p style=\"text-align: justify\"><strong>(Se sugiere pase a Comisi\u00f3n N\u00ba 2 de Gobierno)<\/strong><\/p>\n<p style=\"text-align: justify\"><strong>\u00a0<\/strong><\/p>\n<p style=\"text-align: justify\"><strong>19) Nota R.<\/strong><strong> N\u00ba 284-HCD-16.- <\/strong>Sra. Ana Mar\u00eda Radicce, solicita autorizaci\u00f3n excepcional para instalaci\u00f3n de un dep\u00f3sito de bebidas, sobre calle Carlos Gardel esq. Onice, en Parque Industrial y expone razones de su solicitud.-<\/p>\n<p style=\"text-align: justify\"><strong>(Se sugiere pase a Comisi\u00f3n N\u00ba 1 de Planeamiento)<\/strong><\/p>\n<p style=\"text-align: justify\"><strong>\u00a0<\/strong><strong>\u00a0<\/strong><\/p>\n<p style=\"text-align: justify\"><strong>20) Nota R.<\/strong><strong> N\u00ba 288-HCD-16.- <\/strong>Sr. Bernardo Cohen, responde Nota E. N\u00ba 087-HCD-16 y tal lo solicitado en dicha nota, adjunta Estudio de Impacto Ambiental y prefactibilidad de Agua Potable y expresa que estar\u00eda cumplimentando con todas las exigencias solicitadas.-<\/p>\n<p style=\"text-align: justify\"><strong>(Se sugiere pase a Comisi\u00f3n N\u00ba 1 de Planeamiento)<\/strong><\/p>\n<p style=\"text-align: justify\"><strong>\u00a0<\/strong><\/p>\n<p style=\"text-align: justify\"><strong>21) Nota R.<\/strong><strong> N\u00ba 289-HCD-16.- <\/strong>Integrante de la Red Contra la Violencia, Sra. Pamela Mackey, invita a la Jornada\u00a0 \u201cA UN A\u00d1O DE NI UNA MENOS\u201d, el d\u00eda viernes 3 de junio a las 17hs. en aula 9 de la Universidad de San Luis, calle Presb\u00edtero Becerra.-<\/p>\n<p style=\"text-align: justify\"><strong>(Se sugiere pase a Archivo)<\/strong><\/p>\n<p style=\"text-align: justify\"><strong>\u00a0<\/strong><strong>\u00a0<\/strong><\/p>\n<p style=\"text-align: justify\"><strong>22) Nota R.<\/strong><strong> N\u00ba 305-HCD-16.- <\/strong>Escuela de Ritmos, informa la realizaci\u00f3n del 8\u00ba Encuentro de Ritmos a realizarse en Merlo los d\u00edas 11 y 12 de junio en el Polideportivo del Instituto Monse\u00f1or Orzali y solicita se Declare de Inter\u00e9s.-<\/p>\n<p style=\"text-align: justify\"><strong>(A criterio de los Sres. Concejales)<\/strong><\/p>\n<p style=\"text-align: justify\"><strong>\u00a0<\/strong><\/p>\n<p style=\"text-align: justify\"><strong>23) Nota R.<\/strong><strong> N\u00ba 307-HCD-16.- <\/strong>Sr. Guillermo Castro, reitera pedido de los propietarios y vecinos del Barrio conocido hoy como \u201cLas Moreras 2\u201d ingresado como Nota R. N\u00ba 893-HCD-14 mediante el cual solicita que el Barrio pase a llamarse Los Solares.-<\/p>\n<p style=\"text-align: justify\"><strong>(Se sugiere pase a Comisi\u00f3n N\u00ba 1 de Planeamiento)<\/strong><\/p>\n<p style=\"text-align: justify\"><strong>\u00a0<\/strong><strong>\u00a0<\/strong><\/p>\n<p style=\"text-align: justify\"><strong>24) Nota R.<\/strong><strong> N\u00ba 311-HCD-16.- <\/strong>Asociaci\u00f3n Cultural \u201cAntonio Esteban Ag\u00fcero\u201d solicita audiencia para analizar temas vinculados con la Casa Museo y Ateneo Cultural \u201cAntonio Esteban Ag\u00fcero\u201d y adjunta Memoria de lo actuado por la Asociaci\u00f3n entre los a\u00f1os 2012-2014.-<\/p>\n<p style=\"text-align: justify\"><strong>(Se sugiere pase a Comisi\u00f3n N\u00ba 2 de Gobierno)<\/strong><\/p>\n<p style=\"text-align: justify\">\n","protected":false},"excerpt":{"rendered":"<p>ORDEN DEL D\u00cdA &#8211; SESI\u00d3N ORDINARIA ACTA N\u00b0 014-HCD-2016 FECHA: 02\u00a0 DE JUNIO DE 2016 &nbsp; De los Despachos de Comisi\u00f3n.- 1) Nota R. N\u00ba 294-HCD-16.- Despacho de Comisi\u00f3n, Proyecto de Nota a Secretario de Gesti\u00f3n Territorial, Arq. Roberto Ot\u00e1lvares, en ref.: solicitarle que a trav\u00e9s del \u00c1rea correspondiente se constituya en el inmueble de<\/p><\/div>\n<div class=\"blog-btn\"><a href=\"https:\/\/hcdvillademerlo.com\/index.php\/2016\/06\/02\/orden-del-dia-acta-n-014-hcd-2016-fecha-02-de-junio-de-2016\/\" class=\"home-blog-btn\">Leer m\u00e1s<\/a><\/p>\n","protected":false},"author":1,"featured_media":0,"comment_status":"closed","ping_status":"open","sticky":false,"template":"","format":"standard","meta":{"footnotes":""},"categories":[7],"tags":[],"class_list":["post-2143","post","type-post","status-publish","format-standard","hentry","category-orden-del-dia"],"_links":{"self":[{"href":"https:\/\/hcdvillademerlo.com\/index.php\/wp-json\/wp\/v2\/posts\/2143","targetHints":{"allow":["GET"]}}],"collection":[{"href":"https:\/\/hcdvillademerlo.com\/index.php\/wp-json\/wp\/v2\/posts"}],"about":[{"href":"https:\/\/hcdvillademerlo.com\/index.php\/wp-json\/wp\/v2\/types\/post"}],"author":[{"embeddable":true,"href":"https:\/\/hcdvillademerlo.com\/index.php\/wp-json\/wp\/v2\/users\/1"}],"replies":[{"embeddable":true,"href":"https:\/\/hcdvillademerlo.com\/index.php\/wp-json\/wp\/v2\/comments?post=2143"}],"version-history":[{"count":0,"href":"https:\/\/hcdvillademerlo.com\/index.php\/wp-json\/wp\/v2\/posts\/2143\/revisions"}],"wp:attachment":[{"href":"https:\/\/hcdvillademerlo.com\/index.php\/wp-json\/wp\/v2\/media?parent=2143"}],"wp:term":[{"taxonomy":"category","embeddable":true,"href":"https:\/\/hcdvillademerlo.com\/index.php\/wp-json\/wp\/v2\/categories?post=2143"},{"taxonomy":"post_tag","embeddable":true,"href":"https:\/\/hcdvillademerlo.com\/index.php\/wp-json\/wp\/v2\/tags?post=2143"}],"curies":[{"name":"wp","href":"https:\/\/api.w.org\/{rel}","templated":true}]}}