{"id":2109,"date":"2016-05-30T10:30:35","date_gmt":"2016-05-30T13:30:35","guid":{"rendered":"http:\/\/hcdvillademerlo.com.ar.j8a.com.ar\/?p=2109"},"modified":"2021-11-23T19:38:39","modified_gmt":"2021-11-23T22:38:39","slug":"ordenanza-no-iv-0710-hcd-2015-establecer-horarios-de-carga-y-descarga-en-nuevas-arterias-comerciales","status":"publish","type":"post","link":"https:\/\/hcdvillademerlo.com\/index.php\/2016\/05\/30\/ordenanza-no-iv-0710-hcd-2015-establecer-horarios-de-carga-y-descarga-en-nuevas-arterias-comerciales\/","title":{"rendered":"ORDENANZA N\u00ba IV-0710-HCD-2015  \u201cESTABLECER HORARIOS DE CARGA Y DESCARGA  EN NUEVAS ARTERIAS COMERCIALES\u201d"},"content":{"rendered":"<p style=\"text-align: right\">Villa de Merlo, San Luis, 17 de Diciembre de 2015.-<\/p>\n<p>&nbsp;<\/p>\n<p style=\"text-align: center\"><strong><u>ORDENANZA N\u00ba IV-0710-HCD-2015<\/u><\/strong><\/p>\n<p style=\"text-align: center\">\u201cESTABLECER HORARIOS DE CARGA Y DESCARGA<\/p>\n<p style=\"text-align: center\">EN NUEVAS ARTERIAS COMERCIALES\u201d<\/p>\n<p>&nbsp;<br \/>\n&nbsp;<br \/>\n<strong><u>VISTO<\/u>:<\/strong><br \/>\nEl pedido de vecinos para reglamentar los horarios de carga y descarga en las nuevas arterias comerciales de Villa de Merlo, y:<br \/>\n&nbsp;<br \/>\n<strong><u>CONSIDERANDO<\/u>:<\/strong><\/p>\n<p style=\"text-align: justify\">Que los horarios de carga y descarga de mercader\u00edas y otros materiales est\u00e1n previstos solo para la zona del micro centro en las Ordenanzas 711-HCD-1998, y su modificatoria 801-HCD-2002.-<\/p>\n<p style=\"text-align: justify\">\n<p style=\"text-align: justify\">Que el crecimiento comercial de los \u00faltimos 10 a\u00f1os ha generado un cambio abrupto en el tr\u00e1nsito, especialmente en las principales avenidas de nuestro pueblo.-<\/p>\n<p style=\"text-align: justify\">\n<p style=\"text-align: justify\">Que para acceder a los establecimientos educativos es necesario utilizar dichos caminos, superponi\u00e9ndose los horarios de carga y descarga con el ingreso y egreso de alumnos.-<\/p>\n<p style=\"text-align: justify\">\n<p style=\"text-align: justify\">Que Av. De los Incas, Av. De Los C\u00e9sares y Av. Jos\u00e9 Alberto Mercau, son arterias de doble circulaci\u00f3n, angostas y sin banquinas o lugares para estacionar.-<\/p>\n<p style=\"text-align: justify\">\n<p style=\"text-align: justify\">Que el Art\u00edculo 2\u00ba de la Ley Provincial de Tr\u00e1nsito N\u00ba X-0630-08, a la cual estamos adheridos, establece que los Municipios son autoridad de aplicaci\u00f3n y que \u201cpodr\u00e1n dictar tambi\u00e9n normas exclusivas, siempre que sean accesorias a las de esta ley y se refieran al tr\u00e1nsito y estacionamiento urbano, al ordenamiento de la circulaci\u00f3n de veh\u00edculos\u201d.-<\/p>\n<p style=\"text-align: justify\">\n<p style=\"text-align: justify\">Que, como legisladores, tenemos la obligaci\u00f3n de prevenir posibles accidentes que comprometan la vida y la salud de los vecinos.-<\/p>\n<p style=\"text-align: justify\">\n<p style=\"text-align: justify\">Que por todo ello se dispone conforme a continuaci\u00f3n\u00a0 se establece.-<\/p>\n<p style=\"text-align: justify\">\n<p style=\"text-align: justify\"><strong>POR TODO LO EXPUESTO, ESTE HONORABLE CONCEJO DELIBERANTE DE LA CIUDAD DE LA VILLA DE MERLO, EN USO DE LAS FACULTADES Y ATRIBUCIONES QUE LE CONFIERE LA LEY, SANCIONA LA SIGUIENTE:<\/strong><\/p>\n<p style=\"text-align: center\">\n<p style=\"text-align: center\"><strong><u>ORDENANZA<\/u><\/strong><\/p>\n<p>&nbsp;<br \/>\n<strong>Art.1\u00ba).- <\/strong>Autorizase como horario de carga y descarga de mercader\u00edas y otros materiales, en Av. De Los Incas, Av. De Los C\u00e9sares y Av. Jos\u00e9 Alberto Mercau, de Villa de Merlo, el comprendido desde las 21:00 hs hasta las 07:00 hs y desde las 14:00 hs hasta las 17:00 hs. en los meses de Marzo a Noviembre inclusive. Desde el mes de Diciembre a Febrero, desde las 00:00 hs, hasta las 08:00 hs y desde las 14:00 hs. hasta las 17:00 hs.-<br \/>\n&nbsp;<br \/>\n<strong>Art.2\u00ba).-<\/strong> Las infracciones a la presente Ordenanza ser\u00e1n consideradas \u201cMal Estacionamiento\u201d, ajust\u00e1ndose, el infractor, a las multas vigentes en el C\u00f3digo de Faltas Municipal.<br \/>\n&nbsp;<br \/>\n<strong>Art.3\u00ba).-\u00a0 <\/strong><strong>COMUN\u00cdQUESE, REG\u00cdSTRESE, PUBL\u00cdQUESE Y OPORTUNAMENTE, ARCH\u00cdVESE.-<\/strong><br \/>\n<strong>\u00a0<\/strong><br \/>\n<strong>\u00a0<\/strong><br \/>\n<strong><u>\u00a0<\/u><\/strong><\/p>\n","protected":false},"excerpt":{"rendered":"<p>Villa de Merlo, San Luis, 17 de Diciembre de 2015.- &nbsp; ORDENANZA N\u00ba IV-0710-HCD-2015 \u201cESTABLECER HORARIOS DE CARGA Y DESCARGA EN NUEVAS ARTERIAS COMERCIALES\u201d &nbsp; &nbsp; VISTO: El pedido de vecinos para reglamentar los horarios de carga y descarga en las nuevas arterias comerciales de Villa de Merlo, y: &nbsp; CONSIDERANDO: Que los horarios de<\/p><\/div>\n<div class=\"blog-btn\"><a href=\"https:\/\/hcdvillademerlo.com\/index.php\/2016\/05\/30\/ordenanza-no-iv-0710-hcd-2015-establecer-horarios-de-carga-y-descarga-en-nuevas-arterias-comerciales\/\" class=\"home-blog-btn\">Leer m\u00e1s<\/a><\/p>\n","protected":false},"author":1,"featured_media":0,"comment_status":"closed","ping_status":"open","sticky":false,"template":"","format":"standard","meta":{"footnotes":""},"categories":[297,16],"tags":[],"class_list":["post-2109","post","type-post","status-publish","format-standard","hentry","category-ordenanzas-2015","category-transporte"],"_links":{"self":[{"href":"https:\/\/hcdvillademerlo.com\/index.php\/wp-json\/wp\/v2\/posts\/2109","targetHints":{"allow":["GET"]}}],"collection":[{"href":"https:\/\/hcdvillademerlo.com\/index.php\/wp-json\/wp\/v2\/posts"}],"about":[{"href":"https:\/\/hcdvillademerlo.com\/index.php\/wp-json\/wp\/v2\/types\/post"}],"author":[{"embeddable":true,"href":"https:\/\/hcdvillademerlo.com\/index.php\/wp-json\/wp\/v2\/users\/1"}],"replies":[{"embeddable":true,"href":"https:\/\/hcdvillademerlo.com\/index.php\/wp-json\/wp\/v2\/comments?post=2109"}],"version-history":[{"count":1,"href":"https:\/\/hcdvillademerlo.com\/index.php\/wp-json\/wp\/v2\/posts\/2109\/revisions"}],"predecessor-version":[{"id":6803,"href":"https:\/\/hcdvillademerlo.com\/index.php\/wp-json\/wp\/v2\/posts\/2109\/revisions\/6803"}],"wp:attachment":[{"href":"https:\/\/hcdvillademerlo.com\/index.php\/wp-json\/wp\/v2\/media?parent=2109"}],"wp:term":[{"taxonomy":"category","embeddable":true,"href":"https:\/\/hcdvillademerlo.com\/index.php\/wp-json\/wp\/v2\/categories?post=2109"},{"taxonomy":"post_tag","embeddable":true,"href":"https:\/\/hcdvillademerlo.com\/index.php\/wp-json\/wp\/v2\/tags?post=2109"}],"curies":[{"name":"wp","href":"https:\/\/api.w.org\/{rel}","templated":true}]}}