{"id":1794,"date":"2016-05-24T09:37:22","date_gmt":"2016-05-24T12:37:22","guid":{"rendered":"http:\/\/hcdvillademerlo.com.ar.j8a.com.ar\/?p=1794"},"modified":"2021-11-23T22:07:01","modified_gmt":"2021-11-24T01:07:01","slug":"modifica-ordenanza-exencion-tasas-personas-con-discapacidad","status":"publish","type":"post","link":"https:\/\/hcdvillademerlo.com\/index.php\/2016\/05\/24\/modifica-ordenanza-exencion-tasas-personas-con-discapacidad\/","title":{"rendered":"MODIFICA ORDENANZA EXENCION TASAS PERSONAS CON DISCAPACIDAD"},"content":{"rendered":"<p style=\"text-align: right\">Villa de Merlo, San Luis), 26 de Junio de 2013.-<\/p>\n<p>&nbsp;<br \/>\n&nbsp;<\/p>\n<p style=\"text-align: center\"><strong><u>ORDENANZA N\u00ba VII-0554-HCD-2013<\/u><\/strong><\/p>\n<p>&nbsp;<br \/>\n&nbsp;<br \/>\n<strong><u>VISTO:<\/u><\/strong><br \/>\nLa Ordenanza VII-0124-HCD-2008 (1091) que otorga la exenci\u00f3n del pago de tasas municipales a personas con discapacidad; y<br \/>\n&nbsp;<br \/>\n<strong><u>CONSIDERANDO:<\/u><\/strong><br \/>\nQue el esp\u00edritu de la norma es de ayudar a personas con discapacidad quienes debido a su situaci\u00f3n y a los altos costos que conlleva atender a sus necesidades espec\u00edficas puedan acogerse al beneficio de no tributar el ABL.-<br \/>\nQue la misma norma establece en su art\u00edculo tercero\u00a0 incisos a y b, que pueden acceder al beneficio aquellos que tienen una sola propiedad y cuyo valor fiscal no supere los $100.000.-<br \/>\nQue se han presentado varios casos de personas con discapacidad que, si bien cumplen con los requisitos, tienen dentro de la propiedad comercios o locales que les permiten el usufructo de la misma.-<br \/>\nQue beneficiando a todos, a\u00fan aquellos que tienen el usufructo de su propiedad, genera un gasto que puede redistribuirse con el principio de equidad social: dar m\u00e1s a los que menos tienen.-<br \/>\n<strong>\u00a0<\/strong><strong>\u00a0<\/strong><br \/>\n<strong>POR TODO LO EXPUESTO Y EN USO DE LAS FACULTADES Y ATRIBUCIONES QUE LE CONFIERE LA LEY,\u00a0 ESTE HONORABLE CONCEJO DELIBERANTE DE LA CIUDAD VILLA DE MERLO, SAN LUIS, SANCIONA LA SIGUIENTE:<\/strong><br \/>\n&nbsp;<\/p>\n<p style=\"text-align: center\"><strong><u>ORDENANZA<\/u><\/strong><\/p>\n<p style=\"text-align: justify\"><strong>ART. 1\u00ba:<\/strong> Establecer que el Art. 2\u00ba, inciso a) de la Ordenanza N\u00ba VII-0124-HCD-2008 (1091), quede redactado de la siguiente manera: \u201ca)- No ser titular de m\u00e1s de una propiedad. Esta circunstancia deber\u00e1 ser acreditada mediante certificado de poseer \u00fanica propiedad expedido por la Direcci\u00f3n Provincial de Geodesia y de Catastro de la Provincia. Adem\u00e1s la propiedad deber\u00e1 tratarse de un inmueble edificado y habitado por el n\u00facleo familiar del peticionante, como vivienda unifamiliar, sin que pueda existir sobre la misma otras construcciones que permitan su usufructo, tales como locales comerciales, departamentos para alquiler, etc.\u201d-<\/p>\n<p style=\"text-align: justify\"><strong>ART. 2\u00ba:<\/strong> Establecer que el Art. 2\u00ba, inciso b) de la Ordenanza N\u00ba VII-0124-HCD-2008 (1091), quede redactado de la siguiente manera: \u201cb) El Aval\u00fao Fiscal no debe superar el valor de una vivienda unifamiliar de \u00a080 m<sup>2<\/sup>\u201d.-<\/p>\n<p style=\"text-align: justify\"><strong>ART. 3\u00ba: COMUNIQUESE, NOTIFIQUESE, REGISTRESE, PUBLIQUESE Y OPORTUNAMENTE ARCHIVESE.-<\/strong><\/p>\n<p style=\"text-align: justify\">\n<p style=\"text-align: justify\">ORDENANZA N\u00ba 1091\/2008: \u00a0<a href=\"http:\/\/hcdvillademerlo.com.ar.j8a.com.ar\/eximir-pago-abl-a-personas-con-capacidades-diferentes\/\">http:\/\/hcdvillademerlo.com.ar.j8a.com.ar\/eximir-pago-abl-a-personas-con-capacidades-diferentes\/<\/a><\/p>\n<p>&nbsp;<br \/>\n&nbsp;<br \/>\n&nbsp;<\/p>\n","protected":false},"excerpt":{"rendered":"<p>Villa de Merlo, San Luis), 26 de Junio de 2013.- &nbsp; &nbsp; ORDENANZA N\u00ba VII-0554-HCD-2013 &nbsp; &nbsp; VISTO: La Ordenanza VII-0124-HCD-2008 (1091) que otorga la exenci\u00f3n del pago de tasas municipales a personas con discapacidad; y &nbsp; CONSIDERANDO: Que el esp\u00edritu de la norma es de ayudar a personas con discapacidad quienes debido a su<\/p><\/div>\n<div class=\"blog-btn\"><a href=\"https:\/\/hcdvillademerlo.com\/index.php\/2016\/05\/24\/modifica-ordenanza-exencion-tasas-personas-con-discapacidad\/\" class=\"home-blog-btn\">Leer m\u00e1s<\/a><\/p>\n","protected":false},"author":1,"featured_media":0,"comment_status":"closed","ping_status":"open","sticky":false,"template":"","format":"standard","meta":{"footnotes":""},"categories":[20,299],"tags":[],"class_list":["post-1794","post","type-post","status-publish","format-standard","hentry","category-hacienda","category-ordenanzas-2013"],"_links":{"self":[{"href":"https:\/\/hcdvillademerlo.com\/index.php\/wp-json\/wp\/v2\/posts\/1794","targetHints":{"allow":["GET"]}}],"collection":[{"href":"https:\/\/hcdvillademerlo.com\/index.php\/wp-json\/wp\/v2\/posts"}],"about":[{"href":"https:\/\/hcdvillademerlo.com\/index.php\/wp-json\/wp\/v2\/types\/post"}],"author":[{"embeddable":true,"href":"https:\/\/hcdvillademerlo.com\/index.php\/wp-json\/wp\/v2\/users\/1"}],"replies":[{"embeddable":true,"href":"https:\/\/hcdvillademerlo.com\/index.php\/wp-json\/wp\/v2\/comments?post=1794"}],"version-history":[{"count":1,"href":"https:\/\/hcdvillademerlo.com\/index.php\/wp-json\/wp\/v2\/posts\/1794\/revisions"}],"predecessor-version":[{"id":6941,"href":"https:\/\/hcdvillademerlo.com\/index.php\/wp-json\/wp\/v2\/posts\/1794\/revisions\/6941"}],"wp:attachment":[{"href":"https:\/\/hcdvillademerlo.com\/index.php\/wp-json\/wp\/v2\/media?parent=1794"}],"wp:term":[{"taxonomy":"category","embeddable":true,"href":"https:\/\/hcdvillademerlo.com\/index.php\/wp-json\/wp\/v2\/categories?post=1794"},{"taxonomy":"post_tag","embeddable":true,"href":"https:\/\/hcdvillademerlo.com\/index.php\/wp-json\/wp\/v2\/tags?post=1794"}],"curies":[{"name":"wp","href":"https:\/\/api.w.org\/{rel}","templated":true}]}}