{"id":1683,"date":"2016-05-23T11:51:19","date_gmt":"2016-05-23T14:51:19","guid":{"rendered":"http:\/\/hcdvillademerlo.com.ar.j8a.com.ar\/?p=1683"},"modified":"2021-11-23T22:20:21","modified_gmt":"2021-11-24T01:20:21","slug":"sentido-circulacion-calles-deroga-ord-101006","status":"publish","type":"post","link":"https:\/\/hcdvillademerlo.com\/index.php\/2016\/05\/23\/sentido-circulacion-calles-deroga-ord-101006\/","title":{"rendered":"SENTIDO CIRCULACION CALLES- DEROGA ORD. 1010\/06"},"content":{"rendered":"<p style=\"text-align: right\">\u00a0Villa de Merlo, (San Luis), 03 de octubre de 2012.-<\/p>\n<p>&nbsp;<\/p>\n<h4 style=\"text-align: center\"><span style=\"text-decoration: underline\">ORDENANZA N\u00ba IV-0501-HCD-2012<\/span><\/h4>\n<p>&nbsp;<br \/>\n<strong><u>VISTO:<\/u><\/strong><br \/>\nEl importante incremento del parque automotor\u00a0 en nuestra Localidad que sigue en paulatino ascenso; y:<br \/>\n&nbsp;<\/p>\n<p style=\"text-align: justify\"><strong><u>CONSIDERANDO<\/u><\/strong>:<\/p>\n<p style=\"text-align: justify\">Que los problemas provocados por el desorden existente en el tr\u00e1nsito generan posibilidades de accidentes en la mayor\u00eda de las intersecciones.-<\/p>\n<p style=\"text-align: justify\">Que son muchas las propuestas y reclamos de los vecinos, que han sido analizadas y merituadas en las reuniones de comisi\u00f3n, en las que se trat\u00f3 este tema.-<\/p>\n<p style=\"text-align: justify\">Que adem\u00e1s se han tenido en cuenta las propuestas formuladas por todo el personal de la Direcci\u00f3n de Tr\u00e1nsito del Municipio, quienes aportaron personalmente su visi\u00f3n sobre los problemas cotidianos que enfrentan al respecto.-<\/p>\n<p style=\"text-align: justify\">Que debemos procurar organizar y corregir la circulaci\u00f3n para evitar congestionamientos y siniestros.-<\/p>\n<p>&nbsp;<br \/>\n<strong>POR TODO ELLO, EL HONORABLE CONCEJO DELIBERANTE DE LA CIUDAD DE LA VILLA DE MERLO SAN LUIS, EN USO DE LAS FACULTADES Y ATRIBUCIONES QUE LE CONFIERE LA LEY, SANCIONA LA \u00a0SIGUIENTE:<\/strong><br \/>\n&nbsp;<br \/>\n<strong><u>ORDENANZA<\/u><\/strong><br \/>\n&nbsp;<br \/>\n&nbsp;<br \/>\nArt.1\u00ba) ESTABLECER \u00a0el sentido de circulaci\u00f3n en doble mano de la Calle Poeta Ag\u00fcero\u00a0 desde Calle Igualdad hasta Calle El Tigre.-<br \/>\n&nbsp;<br \/>\nArt.2\u00ba) ESTABLECER el sentido de circulaci\u00f3n en mano \u00fanica (Este- Oeste)\u00a0 de\u00a0 La Calle Cerro Blanco, entre las Calles Presb\u00edtero Becerra y Ruta Provincial N\u00b0 1 y\/o Calle Poeta Ag\u00fcero.-<br \/>\n&nbsp;<br \/>\nArt.3\u00ba) ESTABLECER el sentido de circulaci\u00f3n en mano \u00fanica (Oeste- Este) de la Calle Cerro Champaqu\u00ed, entre las Calles Poeta Conti y Ruta Provincial N\u00b0 1 y\/o Calle Poeta Ag\u00fcero.-<br \/>\n&nbsp;<br \/>\nArt.4\u00ba) ESTABLECER el sentido de circulaci\u00f3n en doble mano de la Calle Marqu\u00e9s de Sobremonte desde Calle Presb\u00edtero Becerra hacia el Oeste y en toda su extensi\u00f3n.-<br \/>\n&nbsp;<br \/>\nArt.5\u00ba) ESTABLECER el sentido de circulaci\u00f3n en doble mano de la Calle Cnel. Pringles, desde Avda. del Sol\u00a0 hasta Calle Mundial 78.-<br \/>\n&nbsp;<br \/>\nArt.6\u00ba) MANTENER el sentido de circulaci\u00f3n en mano \u00fanica (Norte- Sur) de la Calle Presb\u00edtero Becerra, desde la Calle Mundial 78 hasta Calle Cerro Champaqu\u00ed.-<br \/>\n&nbsp;<br \/>\nArt.7\u00ba) MANTENER el sentido de circulaci\u00f3n en mano \u00fanica (Sur- Norte) de la Calle Cnel Mercau, hasta Calle Los Huarpes. Desde la intersecci\u00f3n con la misma y hacia el Norte ser\u00e1 de ambas manos.-<br \/>\n&nbsp;<br \/>\nArt.8\u00ba) MANTENER el sentido de circulaci\u00f3n en ambas manos de la Calle Los Huarpes y su continuaci\u00f3n hacia el Este Calle Comechingones, a excepci\u00f3n del tramo comprendido entre Calles Cnel. Mercau y Presb\u00edtero Becerra, como mano \u00fanica en sentido Oeste &#8211; Este.-<br \/>\n&nbsp;<br \/>\nArt.9\u00ba) ESTABLECER el sentido de circulaci\u00f3n doble mano de la Calle Mundial 78, desde su inicio hasta su culminaci\u00f3n al este.-<br \/>\n&nbsp;<br \/>\nArt.10\u00ba)\u00a0\u00a0\u00a0\u00a0\u00a0\u00a0\u00a0\u00a0\u00a0\u00a0\u00a0\u00a0 ESTABLECER el sentido de circulaci\u00f3n en doble mano de la Calle El Algarrobo, desde su intersecci\u00f3n con la Rotonda hasta su intersecci\u00f3n con Calle Los Huarpes.-<br \/>\n&nbsp;<br \/>\nArt.11\u00ba)\u00a0\u00a0\u00a0\u00a0\u00a0\u00a0\u00a0\u00a0\u00a0\u00a0\u00a0\u00a0 MANTENER el sentido de circulaci\u00f3n en doble mano de la Calle Juana Azurduy, en todo su trazado.-<br \/>\n&nbsp;<br \/>\nArt.12\u00ba)\u00a0\u00a0\u00a0\u00a0\u00a0\u00a0\u00a0\u00a0\u00a0\u00a0\u00a0\u00a0 ESTABLECER el sentido de circulaci\u00f3n en mano \u00fanica (Este- Oeste) de la Calle Juan de Videla desde su nacimiento (intersecci\u00f3n con Calle Presb\u00edtero Becerra), hasta su intersecci\u00f3n con Calle Juana Azurduy.-<br \/>\n&nbsp;<br \/>\nArt.13\u00ba)\u00a0\u00a0\u00a0\u00a0\u00a0\u00a0\u00a0\u00a0\u00a0\u00a0\u00a0\u00a0 ESTABLECER el sentido de circulaci\u00f3n en mano \u00fanica (Oeste- Este) de la Calle\u00a0 Presidente Per\u00f3n, desde su intersecci\u00f3n con Calle Juana Azurduy\u00a0 hasta Calle Presb\u00edtero Becerra.-<br \/>\n&nbsp;<br \/>\nArt.14\u00ba)\u00a0\u00a0\u00a0\u00a0\u00a0\u00a0\u00a0\u00a0\u00a0\u00a0\u00a0\u00a0 MANTENER el sentido de circulaci\u00f3n en mano \u00fanica (Este- Oeste) de la Calle La Tonada, desde su intersecci\u00f3n con Calle Presb\u00edtero Becerra hasta intersecci\u00f3n con Calle Cnel. Mercau.-<br \/>\n&nbsp;<br \/>\nArt.15\u00ba)\u00a0\u00a0\u00a0\u00a0\u00a0\u00a0\u00a0\u00a0\u00a0\u00a0\u00a0\u00a0 ESTABLECER el sentido de circulaci\u00f3n en doble mano de la Avda. del Sol desde su intersecci\u00f3n con Calle Presb\u00edtero Becerra hacia el Este.-<br \/>\n&nbsp;<br \/>\nArt.16\u00ba)\u00a0\u00a0\u00a0\u00a0\u00a0\u00a0\u00a0\u00a0\u00a0\u00a0\u00a0\u00a0 MANTENER el sentido actual de circulaci\u00f3n en doble mano de la Avda. del Deporte.-<br \/>\n&nbsp;<br \/>\nArt.17\u00ba)\u00a0\u00a0\u00a0\u00a0\u00a0\u00a0\u00a0\u00a0\u00a0\u00a0\u00a0\u00a0 ESTABLECER el sentido de circulaci\u00f3n en doble mano de la Calle Poeta Conti.-<br \/>\n&nbsp;<br \/>\nArt.18\u00ba)\u00a0\u00a0\u00a0\u00a0\u00a0\u00a0\u00a0\u00a0\u00a0\u00a0\u00a0\u00a0 ESTABLECER el sentido de circulaci\u00f3n en doble mano de la Avda. Los Almendros desde su intersecci\u00f3n con Avda. Del Deporte hasta\u00a0 su intersecci\u00f3n con\u00a0 Calle Presb\u00edtero Becerra.-<br \/>\n&nbsp;<br \/>\nArt.19\u00ba)\u00a0\u00a0\u00a0\u00a0\u00a0\u00a0\u00a0\u00a0\u00a0\u00a0\u00a0\u00a0 ESTABLECER el sentido de circulaci\u00f3n doble mano de la Calle Yans\u00f3n desde Presb\u00edtero Becerra hacia el Oeste.-<br \/>\n&nbsp;<br \/>\nArt.20\u00ba)\u00a0\u00a0\u00a0\u00a0\u00a0\u00a0\u00a0\u00a0\u00a0\u00a0\u00a0\u00a0 ESTABLECER el sentido de circulaci\u00f3n en mano \u00fanica (Oeste- Este) de la Calle Los Tilos desde su nacimiento en su intersecci\u00f3n con Calle Cnel. Pringles hasta Avda Del Deporte.-<br \/>\n&nbsp;<br \/>\nArt.21\u00ba)\u00a0\u00a0\u00a0\u00a0\u00a0\u00a0\u00a0\u00a0\u00a0\u00a0\u00a0\u00a0 ESTABLECER el sentido de circulaci\u00f3n en mano \u00fanica (Este-Oeste) de la Calle\u00a0 Padre Pablo Tissera, desde\u00a0 Avda. del Deporte hasta Presb\u00edtero Becerra.-<br \/>\n&nbsp;<br \/>\nArt.22\u00ba)\u00a0\u00a0\u00a0\u00a0\u00a0\u00a0\u00a0\u00a0\u00a0\u00a0\u00a0\u00a0 ESTABLECER el sentido de circulaci\u00f3n en mano \u00fanica\u00a0 (Oeste-Este) de la Calle El Cipr\u00e9s, desde la intersecci\u00f3n con Calle Presb\u00edtero Becerra hasta Av. del Deporte.-<br \/>\n&nbsp;<br \/>\nArt.23\u00ba)\u00a0\u00a0\u00a0\u00a0\u00a0\u00a0\u00a0\u00a0\u00a0\u00a0\u00a0\u00a0 DEROGAR Ordenanza N\u00baIV-0042-HCD-2006 (1010).-<br \/>\n&nbsp;<br \/>\nArt.24\u00ba)\u00a0\u00a0\u00a0\u00a0\u00a0\u00a0\u00a0\u00a0\u00a0\u00a0\u00a0\u00a0 ESTABLECER que el estacionamiento sobre la Calle Poeta Aguero en el sector comprendido entre las Calles Marqu\u00e9s de Sobremonte e Igualdad, es unicamente permitido del lado Oeste de la arteria. Y que la Calle Poeta Aguero en el sector comprendido entre las Calles Marqu\u00e9s de Sobremonte y El Tigre es unicamente permitido del lado Este de la arteria mencionada.-<br \/>\n&nbsp;<br \/>\nArt.25\u00ba)\u00a0\u00a0\u00a0\u00a0\u00a0\u00a0\u00a0\u00a0\u00a0\u00a0\u00a0\u00a0 ESTABLECER que el estacionamiento sobre la Calle Marqu\u00e9s de Sobremonte entre las Calles Presbitero Becerra y El Algarrobo es unicamente permitido del lado Norte de la arteria mencionada.-<br \/>\n&nbsp;<br \/>\nArt.26\u00ba)\u00a0\u00a0\u00a0\u00a0\u00a0\u00a0\u00a0\u00a0\u00a0\u00a0\u00a0\u00a0 ESTABLECER que el estacionamiento sobre la Calle Yans\u00f3n entre las Calles Poeta Aguero y El Algarrobo es unicamente permitido del lado Norte de la arteria mencionada.-<br \/>\n&nbsp;<br \/>\nArt.27\u00ba)\u00a0\u00a0\u00a0\u00a0\u00a0\u00a0\u00a0\u00a0\u00a0\u00a0\u00a0\u00a0 COMUNICAR y REMITIR copia de la presente al D.E.M. para su reglamentaci\u00f3n e implementaci\u00f3n, dejando sujeto a las mismas las cuestiones atinentes al estacionamiento que pudieren faltar adem\u00e1s de los ya establecidas en la presente norma, todo ello de acuerdo a la Legislaci\u00f3n Nacional y Provincial vigente en la materia y necesidades locales que presente el transito de nuestra localidad.-<br \/>\n&nbsp;<br \/>\nArt.28\u00ba)\u00a0\u00a0\u00a0\u00a0\u00a0\u00a0\u00a0\u00a0\u00a0\u00a0\u00a0\u00a0 COMUN\u00cdQUESE, REG\u00cdSTRESE, PUBL\u00cdQUESE Y OPORTUNAMENTE ARCHIVESE.-<br \/>\n&nbsp;<\/p>\n","protected":false},"excerpt":{"rendered":"<p>\u00a0Villa de Merlo, (San Luis), 03 de octubre de 2012.- &nbsp; ORDENANZA N\u00ba IV-0501-HCD-2012 &nbsp; VISTO: El importante incremento del parque automotor\u00a0 en nuestra Localidad que sigue en paulatino ascenso; y: &nbsp; CONSIDERANDO: Que los problemas provocados por el desorden existente en el tr\u00e1nsito generan posibilidades de accidentes en la mayor\u00eda de las intersecciones.- Que<\/p><\/div>\n<div class=\"blog-btn\"><a href=\"https:\/\/hcdvillademerlo.com\/index.php\/2016\/05\/23\/sentido-circulacion-calles-deroga-ord-101006\/\" class=\"home-blog-btn\">Leer m\u00e1s<\/a><\/p>\n","protected":false},"author":1,"featured_media":0,"comment_status":"closed","ping_status":"open","sticky":false,"template":"","format":"standard","meta":{"footnotes":""},"categories":[300,16],"tags":[59],"class_list":["post-1683","post","type-post","status-publish","format-standard","hentry","category-ordenanzas-2012","category-transporte","tag-calles"],"_links":{"self":[{"href":"https:\/\/hcdvillademerlo.com\/index.php\/wp-json\/wp\/v2\/posts\/1683","targetHints":{"allow":["GET"]}}],"collection":[{"href":"https:\/\/hcdvillademerlo.com\/index.php\/wp-json\/wp\/v2\/posts"}],"about":[{"href":"https:\/\/hcdvillademerlo.com\/index.php\/wp-json\/wp\/v2\/types\/post"}],"author":[{"embeddable":true,"href":"https:\/\/hcdvillademerlo.com\/index.php\/wp-json\/wp\/v2\/users\/1"}],"replies":[{"embeddable":true,"href":"https:\/\/hcdvillademerlo.com\/index.php\/wp-json\/wp\/v2\/comments?post=1683"}],"version-history":[{"count":1,"href":"https:\/\/hcdvillademerlo.com\/index.php\/wp-json\/wp\/v2\/posts\/1683\/revisions"}],"predecessor-version":[{"id":6970,"href":"https:\/\/hcdvillademerlo.com\/index.php\/wp-json\/wp\/v2\/posts\/1683\/revisions\/6970"}],"wp:attachment":[{"href":"https:\/\/hcdvillademerlo.com\/index.php\/wp-json\/wp\/v2\/media?parent=1683"}],"wp:term":[{"taxonomy":"category","embeddable":true,"href":"https:\/\/hcdvillademerlo.com\/index.php\/wp-json\/wp\/v2\/categories?post=1683"},{"taxonomy":"post_tag","embeddable":true,"href":"https:\/\/hcdvillademerlo.com\/index.php\/wp-json\/wp\/v2\/tags?post=1683"}],"curies":[{"name":"wp","href":"https:\/\/api.w.org\/{rel}","templated":true}]}}