{"id":1557,"date":"2016-05-18T12:59:59","date_gmt":"2016-05-18T15:59:59","guid":{"rendered":"http:\/\/hcdvillademerlo.com.ar.j8a.com.ar\/?p=1557"},"modified":"2021-11-24T12:27:07","modified_gmt":"2021-11-24T15:27:07","slug":"adhesion-decreto-3220mma2011-parque-presidente-peron","status":"publish","type":"post","link":"https:\/\/hcdvillademerlo.com\/index.php\/2016\/05\/18\/adhesion-decreto-3220mma2011-parque-presidente-peron\/","title":{"rendered":"ADHESION DECRETO 3220\/MMA\/2011- PARQUE PRESIDENTE PERON"},"content":{"rendered":"<p>&nbsp;<\/p>\n<p style=\"text-align: right\">\u00a0 \u00a0 \u00a0 \u00a0 \u00a0 \u00a0 \u00a0 \u00a0 \u00a0 \u00a0 \u00a0 \u00a0 \u00a0 \u00a0 \u00a0 \u00a0 \u00a0 \u00a0 \u00a0 \u00a0 \u00a0 \u00a0 \u00a0 \u00a0 \u00a0 \u00a0Villa de Merlo, (San Luis), 28 de Septiembre de 2011.-<\/p>\n<p>&nbsp;<\/p>\n<p style=\"text-align: center\"><strong><u>ORDENANZA N\u00ba 1258-HCD-2011<\/u><\/strong><\/p>\n<p>&nbsp;<br \/>\n&nbsp;<br \/>\n<strong><u>VISTO:\u00a0\u00a0 <\/u><\/strong><br \/>\nEl Decreto Provincial N\u00ba 3220 MMA-2011, de fecha 26 de Septiembre de 2011; y:<br \/>\n&nbsp;<br \/>\n<strong><u>CONSIDERANDO: <\/u><\/strong><\/p>\n<p style=\"text-align: justify\">Que el mismo ha sido elevado a \u00e9ste Cuerpo para su conocimiento y evaluaci\u00f3n por el Ministerio de Medio Ambiente del Gobierno de la Provincia de San Luis.-<\/p>\n<p style=\"text-align: justify\">\u00a0Que este instrumento legal, ha sido dictado en el marco del Art\u00edculo 41 de la Constituci\u00f3n Nacional y el Art\u00edculo 47 de la Constituci\u00f3n de la Provincia de San Luis; los Art\u00edculos 9 y 10 de la Ley General del Ambiente N\u00ba 25.675; el Art\u00edculo 6 y siguientes de la Ley Nacional N\u00ba 26.331, de Presupuestos M\u00ednimos de Protecci\u00f3n Ambiental de Bosque Nativo; la Ley de Ordenamiento Territorial de Bosques Nativos de la Provincia de San Luis N\u00ba IX-0697-2009; el Art\u00edculo 3 Inc. H) y los Art\u00edculos 5 y 6 de la Ley N\u00ba IX-0309-2004 de Areas Naturales Protegidas de la Provincia de San Luis; la Ley N\u00ba IX-0332-2004, del Parque Presidente Per\u00f3n; y la Ley N\u00ba IX-0749-2010, Tratado de Paz entre Progreso y Medio Ambiente.-<\/p>\n<p style=\"text-align: justify\">Que el Decreto en cuesti\u00f3n, sustentado en la legislaci\u00f3n citada, entre otras, pretende adoptar medidas de preservaci\u00f3n tendientes a evitar la fragmentaci\u00f3n del ecosistema serrano, en este caso del faldeo de nuestra Sierra de los Comechingones, y conservar los recursos naturales estrat\u00e9gicos que nos brindan las sierras, consistentes en bienes y servicios ambientales, como es el caso de los recursos h\u00eddricos y la biodiversidad, por su flora y su fauna, y sobretodo por su belleza esc\u00e9nica, convirti\u00e9ndose por \u00e9sta razones en \u00e1mbitos de un valor excepcional.-<\/p>\n<p style=\"text-align: justify\">Que entiende este Cuerpo, que esta nueva legislaci\u00f3n transita el mismo camino que desde este Legislativo en particular, y desde el Municipio de Merlo en general, se viene delineando desde hace mucho tiempo atr\u00e1s, m\u00e1s recientemente desde los lineamientos del Plan de Desarrollo Local, y mejor a\u00fan del nuevo Proyecto de C\u00f3digo Territorial para Merlo actualmente en etapa legislativa.-<\/p>\n<p style=\"text-align: justify\">Que por todo ello, por unanimidad de este H.C.D., se dispone dictar la presente norma.-<\/p>\n<p>&nbsp;<br \/>\n<strong>POR TODO LO EXPUESTO, ESTE HONORABLE CONCEJO\u00a0 DELIBERANTE DE LA CIUDAD\u00a0 VILLA DE MERLO, SAN LUIS, EN USO DE LAS ATRIBUCIONES Y FACULTADES QUE LE CONFIERE LA LEY SANCIONA LA SIGUIENTE: <\/strong><br \/>\n<strong>\u00a0<\/strong><\/p>\n<p style=\"text-align: center\"><strong><u>O R D E N A N Z A<\/u><\/strong><\/p>\n<p><strong>\u00a0<\/strong><br \/>\n<strong><u>ART. 1\u00ba<\/u><\/strong><strong>:<\/strong> <strong>ADHERIR, <\/strong>por las razones expuestas en los considerandos de la presente Ordenanza, en todas sus partes, al Decreto N\u00ba 3220 \u2013 MMA \u2013 2011, de fecha 26 de Septiembre de 2011.-<br \/>\n<strong><u>ART. 2\u00ba<\/u><\/strong><strong>: GIRAR, <\/strong>copia de la presente al MINISTERIO DE MEDIO AMBIENTE DE LA PROVINCIA DE SAN LUIS, para su conocimiento.-<br \/>\n<strong>\u00a0<\/strong><strong><u>ART. 3\u00ba<\/u><\/strong><strong>: DE FORMA.-<\/strong><\/p>\n","protected":false},"excerpt":{"rendered":"<p>&nbsp; \u00a0 \u00a0 \u00a0 \u00a0 \u00a0 \u00a0 \u00a0 \u00a0 \u00a0 \u00a0 \u00a0 \u00a0 \u00a0 \u00a0 \u00a0 \u00a0 \u00a0 \u00a0 \u00a0 \u00a0 \u00a0 \u00a0 \u00a0 \u00a0 \u00a0 \u00a0Villa de Merlo, (San Luis), 28 de Septiembre de 2011.- &nbsp; ORDENANZA N\u00ba 1258-HCD-2011 &nbsp; &nbsp; VISTO:\u00a0\u00a0 El Decreto Provincial N\u00ba 3220 MMA-2011, de fecha 26 de Septiembre de<\/p><\/div>\n<div class=\"blog-btn\"><a href=\"https:\/\/hcdvillademerlo.com\/index.php\/2016\/05\/18\/adhesion-decreto-3220mma2011-parque-presidente-peron\/\" class=\"home-blog-btn\">Leer m\u00e1s<\/a><\/p>\n","protected":false},"author":1,"featured_media":0,"comment_status":"closed","ping_status":"open","sticky":false,"template":"","format":"standard","meta":{"footnotes":""},"categories":[307,10],"tags":[],"class_list":["post-1557","post","type-post","status-publish","format-standard","hentry","category-ordenanzas-2011","category-poder-ejecutivo"],"_links":{"self":[{"href":"https:\/\/hcdvillademerlo.com\/index.php\/wp-json\/wp\/v2\/posts\/1557","targetHints":{"allow":["GET"]}}],"collection":[{"href":"https:\/\/hcdvillademerlo.com\/index.php\/wp-json\/wp\/v2\/posts"}],"about":[{"href":"https:\/\/hcdvillademerlo.com\/index.php\/wp-json\/wp\/v2\/types\/post"}],"author":[{"embeddable":true,"href":"https:\/\/hcdvillademerlo.com\/index.php\/wp-json\/wp\/v2\/users\/1"}],"replies":[{"embeddable":true,"href":"https:\/\/hcdvillademerlo.com\/index.php\/wp-json\/wp\/v2\/comments?post=1557"}],"version-history":[{"count":1,"href":"https:\/\/hcdvillademerlo.com\/index.php\/wp-json\/wp\/v2\/posts\/1557\/revisions"}],"predecessor-version":[{"id":7299,"href":"https:\/\/hcdvillademerlo.com\/index.php\/wp-json\/wp\/v2\/posts\/1557\/revisions\/7299"}],"wp:attachment":[{"href":"https:\/\/hcdvillademerlo.com\/index.php\/wp-json\/wp\/v2\/media?parent=1557"}],"wp:term":[{"taxonomy":"category","embeddable":true,"href":"https:\/\/hcdvillademerlo.com\/index.php\/wp-json\/wp\/v2\/categories?post=1557"},{"taxonomy":"post_tag","embeddable":true,"href":"https:\/\/hcdvillademerlo.com\/index.php\/wp-json\/wp\/v2\/tags?post=1557"}],"curies":[{"name":"wp","href":"https:\/\/api.w.org\/{rel}","templated":true}]}}