{"id":1526,"date":"2016-05-18T11:58:39","date_gmt":"2016-05-18T14:58:39","guid":{"rendered":"http:\/\/hcdvillademerlo.com.ar.j8a.com.ar\/?p=1526"},"modified":"2021-11-24T12:27:07","modified_gmt":"2021-11-24T15:27:07","slug":"homologa-decreto-09im11-adquirir-edificio-de-la-calle-las-artes-taller-protegido-mirlo","status":"publish","type":"post","link":"https:\/\/hcdvillademerlo.com\/index.php\/2016\/05\/18\/homologa-decreto-09im11-adquirir-edificio-de-la-calle-las-artes-taller-protegido-mirlo\/","title":{"rendered":"HOMOLOGA DECRETO 09\/IM\/11- ADQUIRIR EDIFICIO DE LA CALLE LAS ARTES- TALLER PROTEGIDO MIRLO"},"content":{"rendered":"<p style=\"text-align: right\">\u00a0\u00a0\u00a0\u00a0\u00a0\u00a0\u00a0\u00a0\u00a0\u00a0\u00a0\u00a0\u00a0\u00a0\u00a0\u00a0\u00a0\u00a0\u00a0\u00a0\u00a0\u00a0\u00a0\u00a0\u00a0\u00a0\u00a0\u00a0\u00a0\u00a0\u00a0\u00a0\u00a0\u00a0\u00a0\u00a0\u00a0\u00a0\u00a0\u00a0\u00a0\u00a0\u00a0\u00a0\u00a0\u00a0\u00a0\u00a0\u00a0\u00a0\u00a0 Villa de Merlo, (San Luis), 18 de Abril de 2011.-<\/p>\n<p>&nbsp;<\/p>\n<p style=\"text-align: center\"><strong><u>ORDENANZA N\u00ba 1241-HCD-2011<\/u><\/strong><\/p>\n<p>&nbsp;<br \/>\n<strong><u>VISTO:\u00a0 <\/u><\/strong><br \/>\nLa Nota Recibida N\u00ba 122-HCD-2011, de fecha 08 de Abril de 2011;\u00a0 y:<br \/>\n&nbsp;<br \/>\n&nbsp;<\/p>\n<p style=\"text-align: justify\"><strong><u>CONSIDERANDO: <\/u><\/strong><\/p>\n<p style=\"text-align: justify\"><u><\/u> Que la mencionada Nota, ingres\u00f3 a este Cuerpo, remitida por el Sr. Intendente Municipal, con la finalidad de elevar adjunto el Decreto N\u00ba 009-IM\/2011.-<\/p>\n<p style=\"text-align: justify\">Que este acto administrativo elaborado por el D.E.M., dispone ad refer\u00e9ndum de este H.C.D., la compra directa del Edificio ocupado por el Nivel I del \u201cCentro Educativo Mirlo\u201d y el Taller Protegido de Producci\u00f3n \u201cJ\u00f3venes de la Esperanza\u201d.-<\/p>\n<p style=\"text-align: justify\">Que tal inmueble es propiedad del Sr. Daniel Oviedo y se ubica sobre Calle Las Artes s\/n\u00ba.-<\/p>\n<p style=\"text-align: justify\">Que tambi\u00e9n agrega sobre el inmueble, dos tasaciones efectuadas por Inmobiliarias.-<\/p>\n<p style=\"text-align: justify\">Que el propietario ha propuesto la venta del edificio al Municipio, teniendo en cuenta para la operatoria la funci\u00f3n social que cumple el Establecimiento, y fijando en consecuencia un valor econ\u00f3micamente conveniente en relaci\u00f3n a las dos tasaciones inmobiliarias acompa\u00f1adas.-<\/p>\n<p style=\"text-align: justify\">Que contar con este edificio es de vital importancia para el \u201cCentro de Educaci\u00f3n Especial Mirlo\u201d, por cuanto en el ala sur viene funcionando su Nivel I, desde el a\u00f1o 2000 y se ha adecuado para la asistencia de personas con capacidades diferentes.-<\/p>\n<p style=\"text-align: justify\">Que de adquirirlo el Municipio y al poder de esta forma disponer de todo el edificio, se le podr\u00edan proyectar mayores mejoras y adecuaciones en cuanto a infraestructura.-<\/p>\n<p style=\"text-align: justify\">Que adem\u00e1s el ala norte del edificio es sede del Taller Protegido de Producci\u00f3n \u201cJ\u00f3venes de la Esperanza\u201d, el que tiene como objetivo principal capacitar a j\u00f3venes incentiv\u00e1ndolos para que puedan aprender un oficio rentable que les permita insertarse en el mercado laboral.-<\/p>\n<p style=\"text-align: justify\">Que la Ley de Contabilidad, Administraci\u00f3n y Control P\u00fablico de la Provincia de San Luis, prev\u00e9 en su Art\u00edculo 100\u00ba, Apartados \u201cb\u201d e \u201ci\u201d, la posibilidad como la que se trata hoy, de adquirir inmuebles por precio testigo, y porque se trata de un bi\u00e9n de notoria escasez en el mercado, y en este caso, con una distribuci\u00f3n edilicia adecuada para desarrollar actividades educativas.-<\/p>\n<p style=\"text-align: justify\">Que en virtud de ello este Concejo dispone lo siguiente.-<\/p>\n<p>&nbsp;<br \/>\n<strong>POR TODO LO EXPUESTO, ESTE HONORABLE CONCEJO\u00a0 DELIBERANTE DE LA CIUDAD\u00a0 VILLA DE MERLO, SAN LUIS, EN USO DE LAS ATRIBUCIONES Y FACULTADES QUE LE CONFIERE LA LEY SANCIONA LA SIGUIENTE:<\/strong><br \/>\n<strong>\u00a0<\/strong><\/p>\n<p style=\"text-align: center\"><strong><u>ORDENANZA<\/u><\/strong><\/p>\n<p>&nbsp;<br \/>\n&nbsp;<br \/>\n<strong><u>ART. 1\u00ba<\/u><\/strong><strong>: HOMOLOGAR, <\/strong>en todas sus partes el Decreto N\u00ba 009-IM\/2011, de fecha 29 de Marzo de 2011, y autorizar la adquisici\u00f3n del edificio ubicado en Calle Las Artes s\/n\u00ba, de \u00e9sta Ciudad, por las circunstancias, condiciones y dem\u00e1s, mencionadas en el citado acto administrativo.-<strong>\u00a0 <\/strong><br \/>\n<strong><u>ART. 2\u00ba<\/u><\/strong><strong>: AUTORIZAR, <\/strong>en el caso la aplicaci\u00f3n de la Ley N\u00ba VIII-0256-2004 de Contabilidad, Administraci\u00f3n y Control P\u00fablico de la Provincia de San Luis, en su Art\u00edculo 100\u00ba, Apartados \u201cb\u201d e \u201ci\u201d,.-<br \/>\n<strong>\u00a0<\/strong><strong><u>ART. 3\u00ba<\/u><\/strong><strong>: AUTORIZAR, <\/strong>al D.E.M. a realizar las adecuaciones pertinentes, a los fines de cumplimentar con la finalidad que persigue la presente Ordenanza.-<br \/>\n<strong>\u00a0<\/strong><strong><u>ART. 4\u00ba<\/u><\/strong><strong>: COMUN\u00cdQUESE, REG\u00cdSTRESE, PUBL\u00cdQUESE Y OPORTUNAMENTE, ARCH\u00cdVESE.-<\/strong><br \/>\n&nbsp;<\/p>\n","protected":false},"excerpt":{"rendered":"<p>\u00a0\u00a0\u00a0\u00a0\u00a0\u00a0\u00a0\u00a0\u00a0\u00a0\u00a0\u00a0\u00a0\u00a0\u00a0\u00a0\u00a0\u00a0\u00a0\u00a0\u00a0\u00a0\u00a0\u00a0\u00a0\u00a0\u00a0\u00a0\u00a0\u00a0\u00a0\u00a0\u00a0\u00a0\u00a0\u00a0\u00a0\u00a0\u00a0\u00a0\u00a0\u00a0\u00a0\u00a0\u00a0\u00a0\u00a0\u00a0\u00a0\u00a0\u00a0 Villa de Merlo, (San Luis), 18 de Abril de 2011.- &nbsp; ORDENANZA N\u00ba 1241-HCD-2011 &nbsp; VISTO:\u00a0 La Nota Recibida N\u00ba 122-HCD-2011, de fecha 08 de Abril de 2011;\u00a0 y: &nbsp; &nbsp; CONSIDERANDO: Que la mencionada Nota, ingres\u00f3 a este Cuerpo, remitida por el Sr. Intendente Municipal, con la finalidad de elevar adjunto el Decreto<\/p><\/div>\n<div class=\"blog-btn\"><a href=\"https:\/\/hcdvillademerlo.com\/index.php\/2016\/05\/18\/homologa-decreto-09im11-adquirir-edificio-de-la-calle-las-artes-taller-protegido-mirlo\/\" class=\"home-blog-btn\">Leer m\u00e1s<\/a><\/p>\n","protected":false},"author":1,"featured_media":0,"comment_status":"closed","ping_status":"open","sticky":false,"template":"","format":"standard","meta":{"footnotes":""},"categories":[307,10],"tags":[182],"class_list":["post-1526","post","type-post","status-publish","format-standard","hentry","category-ordenanzas-2011","category-poder-ejecutivo","tag-mirlo"],"_links":{"self":[{"href":"https:\/\/hcdvillademerlo.com\/index.php\/wp-json\/wp\/v2\/posts\/1526","targetHints":{"allow":["GET"]}}],"collection":[{"href":"https:\/\/hcdvillademerlo.com\/index.php\/wp-json\/wp\/v2\/posts"}],"about":[{"href":"https:\/\/hcdvillademerlo.com\/index.php\/wp-json\/wp\/v2\/types\/post"}],"author":[{"embeddable":true,"href":"https:\/\/hcdvillademerlo.com\/index.php\/wp-json\/wp\/v2\/users\/1"}],"replies":[{"embeddable":true,"href":"https:\/\/hcdvillademerlo.com\/index.php\/wp-json\/wp\/v2\/comments?post=1526"}],"version-history":[{"count":1,"href":"https:\/\/hcdvillademerlo.com\/index.php\/wp-json\/wp\/v2\/posts\/1526\/revisions"}],"predecessor-version":[{"id":7313,"href":"https:\/\/hcdvillademerlo.com\/index.php\/wp-json\/wp\/v2\/posts\/1526\/revisions\/7313"}],"wp:attachment":[{"href":"https:\/\/hcdvillademerlo.com\/index.php\/wp-json\/wp\/v2\/media?parent=1526"}],"wp:term":[{"taxonomy":"category","embeddable":true,"href":"https:\/\/hcdvillademerlo.com\/index.php\/wp-json\/wp\/v2\/categories?post=1526"},{"taxonomy":"post_tag","embeddable":true,"href":"https:\/\/hcdvillademerlo.com\/index.php\/wp-json\/wp\/v2\/tags?post=1526"}],"curies":[{"name":"wp","href":"https:\/\/api.w.org\/{rel}","templated":true}]}}