{"id":1518,"date":"2016-05-18T11:42:53","date_gmt":"2016-05-18T14:42:53","guid":{"rendered":"http:\/\/hcdvillademerlo.com.ar.j8a.com.ar\/?p=1518"},"modified":"2021-11-24T12:27:08","modified_gmt":"2021-11-24T15:27:08","slug":"pase-libre-discapacitados","status":"publish","type":"post","link":"https:\/\/hcdvillademerlo.com\/index.php\/2016\/05\/18\/pase-libre-discapacitados\/","title":{"rendered":"PASE LIBRE DISCAPACITADOS"},"content":{"rendered":"<p style=\"text-align: right\">Villa de Merlo, (San Lu\u00eds), 14 de Marzo de 2011.-<\/p>\n<p>&nbsp;<\/p>\n<p style=\"text-align: center\"><strong><u>ORDENANZA N\u00ba 1237-HCD-2011.-<\/u><\/strong><\/p>\n<p>&nbsp;<br \/>\n<strong><u>VISTO<\/u><\/strong><strong>:<u>\u00a0 <\/u><\/strong><br \/>\nLa Ordenanza N\u00ba 979-HCD-2006, sancionada por este Cuerpo con fecha 12 de Mayo de 2006; y<br \/>\n&nbsp;<br \/>\n&nbsp;<br \/>\n<strong><u>CONSIDERANDO<\/u><\/strong><strong>:<\/strong><\/p>\n<p style=\"text-align: justify\">Que la referida norma legisla sobre el Pase Libre en el Servicio del Transporte Urbano de Pasajeros para las personas con capacidades diferentes.-<\/p>\n<p style=\"text-align: justify\">Que lo hace en referencia a la obtenci\u00f3n de dichos pases dentro del \u00e1mbito local municipal.-<\/p>\n<p style=\"text-align: justify\">Que dentro de la legislaci\u00f3n de la Provincia de San Luis, sobre \u00e9ste mismo tema, existe la Ley Provincial N\u00ba I \u2013 0011 \u2013 2004 (5609 \u201cR\u201d), vigente a la fecha.-<\/p>\n<p style=\"text-align: justify\">Que dicha norma legal contempla el transporte gratuito de las personas con capacidades diferentes dentro del territorio provincial.-<\/p>\n<p style=\"text-align: justify\">Que la mencionada legislaci\u00f3n obviamente tiene su aplicaci\u00f3n dentro de todo el territorio de la Provincia de San Luis.-<\/p>\n<p style=\"text-align: justify\">Que por ello resulta gravoso exigirle a las personas con discapacidades y que ya cuentan con la autorizaci\u00f3n contemplada por la Ley Provincial en cuesti\u00f3n, que cumplan adem\u00e1s con las disposiciones de la Ordenanza N\u00ba 979-HCD-2006.-<\/p>\n<p style=\"text-align: justify\">Que por todo ello se dispone dictar la presente Ordenanza en los t\u00e9rminos que siguen.-<\/p>\n<p style=\"text-align: justify\">\n<p style=\"text-align: justify\"><strong>POR TODO LO EXPUESTO, ESTE HONORABLE CONCEJO DELIBERANTE DE LA CIUDAD VILLA DE MERLO, SAN LUIS, EN USO DE LAS ATRIBUCIONES Y FACULTADES QUE LES CONFIERE LA LEY SANCIONA LA SIGUIENTE:<\/strong><\/p>\n<p>&nbsp;<\/p>\n<p style=\"text-align: center\"><strong><u>O R D E N A N Z A<\/u><\/strong><\/p>\n<p>&nbsp;<\/p>\n<p style=\"text-align: justify\"><strong><u>ART. 1\u00ba<\/u><\/strong><strong>: DISPONER, <\/strong>que los Certificados de Discapacidad expedidos a las personas con capacidades diferentes por parte del \u00c1rea pertinente del Gobierno de la Provincia de San Luis, (y toda otra documentaci\u00f3n, tales como pases libres, etc., de igual entidad otorgada, que acredite tal extremo sin importar su denominaci\u00f3n actual), tienen id\u00e9ntica validez que el Pase Libre establecido por la Ordenanza N\u00ba 979-HCD-2006.- <strong>\u00a0<\/strong><\/p>\n<p style=\"text-align: justify\"><strong>\u00a0<\/strong><strong><u>ART. 2\u00ba<\/u><\/strong><strong>: <\/strong><strong>COMUN\u00cdQUESE, REG\u00cdSTRESE, PUBL\u00cdQUESE Y OPORTUNAMENTE, ARCH\u00cdVESE.-<\/strong><\/p>\n<p style=\"text-align: justify\">\n<p style=\"text-align: justify\"><a href=\"http:\/\/hcdvillademerlo.com.ar.j8a.com.ar\/pase-libre-en-transporte-para-personas-con-capacidades-diferentes\/\">http:\/\/hcdvillademerlo.com.ar.j8a.com.ar\/pase-libre-en-transporte-para-personas-con-capacidades-diferentes\/<\/a><\/p>\n","protected":false},"excerpt":{"rendered":"<p>Villa de Merlo, (San Lu\u00eds), 14 de Marzo de 2011.- &nbsp; ORDENANZA N\u00ba 1237-HCD-2011.- &nbsp; VISTO:\u00a0 La Ordenanza N\u00ba 979-HCD-2006, sancionada por este Cuerpo con fecha 12 de Mayo de 2006; y &nbsp; &nbsp; CONSIDERANDO: Que la referida norma legisla sobre el Pase Libre en el Servicio del Transporte Urbano de Pasajeros para las personas<\/p><\/div>\n<div class=\"blog-btn\"><a href=\"https:\/\/hcdvillademerlo.com\/index.php\/2016\/05\/18\/pase-libre-discapacitados\/\" class=\"home-blog-btn\">Leer m\u00e1s<\/a><\/p>\n","protected":false},"author":1,"featured_media":0,"comment_status":"closed","ping_status":"open","sticky":false,"template":"","format":"standard","meta":{"footnotes":""},"categories":[307,16],"tags":[],"class_list":["post-1518","post","type-post","status-publish","format-standard","hentry","category-ordenanzas-2011","category-transporte"],"_links":{"self":[{"href":"https:\/\/hcdvillademerlo.com\/index.php\/wp-json\/wp\/v2\/posts\/1518","targetHints":{"allow":["GET"]}}],"collection":[{"href":"https:\/\/hcdvillademerlo.com\/index.php\/wp-json\/wp\/v2\/posts"}],"about":[{"href":"https:\/\/hcdvillademerlo.com\/index.php\/wp-json\/wp\/v2\/types\/post"}],"author":[{"embeddable":true,"href":"https:\/\/hcdvillademerlo.com\/index.php\/wp-json\/wp\/v2\/users\/1"}],"replies":[{"embeddable":true,"href":"https:\/\/hcdvillademerlo.com\/index.php\/wp-json\/wp\/v2\/comments?post=1518"}],"version-history":[{"count":1,"href":"https:\/\/hcdvillademerlo.com\/index.php\/wp-json\/wp\/v2\/posts\/1518\/revisions"}],"predecessor-version":[{"id":7317,"href":"https:\/\/hcdvillademerlo.com\/index.php\/wp-json\/wp\/v2\/posts\/1518\/revisions\/7317"}],"wp:attachment":[{"href":"https:\/\/hcdvillademerlo.com\/index.php\/wp-json\/wp\/v2\/media?parent=1518"}],"wp:term":[{"taxonomy":"category","embeddable":true,"href":"https:\/\/hcdvillademerlo.com\/index.php\/wp-json\/wp\/v2\/categories?post=1518"},{"taxonomy":"post_tag","embeddable":true,"href":"https:\/\/hcdvillademerlo.com\/index.php\/wp-json\/wp\/v2\/tags?post=1518"}],"curies":[{"name":"wp","href":"https:\/\/api.w.org\/{rel}","templated":true}]}}