{"id":1387,"date":"2016-05-16T13:26:56","date_gmt":"2016-05-16T16:26:56","guid":{"rendered":"http:\/\/hcdvillademerlo.com.ar.j8a.com.ar\/?p=1387"},"modified":"2021-11-26T11:22:48","modified_gmt":"2021-11-26T14:22:48","slug":"excepcionar-ordenanza-688-para-animales-de-la-montada","status":"publish","type":"post","link":"https:\/\/hcdvillademerlo.com\/index.php\/2016\/05\/16\/excepcionar-ordenanza-688-para-animales-de-la-montada\/","title":{"rendered":"EXCEPCIONAR ORDENANZA 688 PARA ANIMALES DE LA MONTADA"},"content":{"rendered":"<p style=\"text-align: right\">Villa de Merlo (S.L.) 16\u00a0 de Junio de 2009.-<\/p>\n<p style=\"text-align: right\">\n<p style=\"text-align: center\"><strong><u>ORDENANZA N\u00ba 1151-HCD-2009<\/u><\/strong><\/p>\n<p>&nbsp;<br \/>\n<strong><u>VISTO<\/u><\/strong><strong>:<\/strong><br \/>\nLa necesidad de crear el marco legal apropiado para implementar la creaci\u00f3n de la Polic\u00eda Montada en Villa de Merlo; y<\/p>\n<p style=\"text-align: justify\"><strong><u>CONSIDERANDO<\/u><\/strong><strong>:<\/strong><\/p>\n<p style=\"text-align: justify\">Que en la reuni\u00f3n del 11 de junio pasado en el Ministerio de Seguridad, estando presente el Sr. Ministro Daniel Poder, el Jefe de Polic\u00eda de la Provincia Comisario Mayor Rivas, la Diputada Alejandra Rubiolo, el Sr. Intendente Municipal Sergio Luis Guardia, el Sr. Juez de Faltas Dr. Ricardo Gallego, la Presidente del H.C.D. Sra. Norma E. Mansilla, los Concejales Roberto Ot\u00e1lvares, Rodolfo Raffo, Adri\u00e1n Oviedo, Ricardo Chaves y Patricia Morand\u00e9, y los vecinos de los barrios de Cerro de Oro, Rinc\u00f3n y Piedra Blanca; en el marco de una serie de medidas para reforzar la Seguridad P\u00fablica, se solicit\u00f3 al Sr. Jefe de Polic\u00eda de la Provincia la factibilidad de crear en Villa de Merlo la Polic\u00eda Montada dependiente de la Comisar\u00eda N\u00ba 26 de Merlo.-<\/p>\n<p style=\"text-align: justify\">Que con el objetivo de consensuar y adoptar Pol\u00edticas que posibiliten el fortalecimiento del Sistema de Seguridad P\u00fablica en nuestra Villa, debido a las irregularidades topogr\u00e1ficas del territorio, la creaci\u00f3n de la Polic\u00eda Montada favorecer\u00eda en zonas rurales y serranas el desempe\u00f1o del personal policial.-<\/p>\n<p>&nbsp;<br \/>\n<strong>POR TODO ELLO EL HONORABLE CONCEJO DELIBERANTE DE LA CIUDAD DE VILLA DE MERLO, EN USO DE LAS ATRIBUCIONES Y FACULTADES QUE LE CONFIERE LA LEY, SANCIONA LA SIGUIENTE: <\/strong><br \/>\n<strong>\u00a0<\/strong><\/p>\n<p style=\"text-align: center\"><strong><u>ORDENANZA<\/u><\/strong><\/p>\n<p><strong>\u00a0<\/strong><br \/>\n&nbsp;<br \/>\n<strong>Art.1\u00ba).-\u00a0<\/strong>\u00a0\u00a0\u00a0\u00a0\u00a0\u00a0\u00a0\u00a0\u00a0\u00a0\u00a0\u00a0\u00a0\u00a0\u00a0\u00a0\u00a0\u00a0 EXCEPCIONAR el Art. N\u00ba 11 de la Ordenanza N\u00ba 688-HCD-1998, para los animales asignados a la Polic\u00eda Montada.-<br \/>\n<strong>Art.2\u00ba).-\u00a0\u00a0<\/strong>\u00a0\u00a0\u00a0\u00a0\u00a0\u00a0\u00a0\u00a0\u00a0\u00a0\u00a0\u00a0\u00a0\u00a0\u00a0\u00a0\u00a0 DISPONER el paso eventual de la Polic\u00eda Montada por las zonas urbanizadas, casco c\u00e9ntrico, barrios residenciales y tur\u00edsticos, en caso de necesidad y urgencia.-<br \/>\n<strong>Art.3\u00ba).-\u00a0\u00a0\u00a0\u00a0<\/strong>\u00a0\u00a0\u00a0\u00a0\u00a0\u00a0\u00a0\u00a0\u00a0\u00a0\u00a0\u00a0\u00a0\u00a0\u00a0 COMUNIQUESE, REGISTRESE, PUBLIQUESE Y OPORTUNAMENTE ARCHIVESE.-<br \/>\n&nbsp;<br \/>\n&nbsp;<br \/>\nPresidente HCD: Norma E. Mansilla<br \/>\nSecretario Legislativo HCD: Dr. Jorge H. Flores<br \/>\n&nbsp;<\/p>\n","protected":false},"excerpt":{"rendered":"<p>Villa de Merlo (S.L.) 16\u00a0 de Junio de 2009.- ORDENANZA N\u00ba 1151-HCD-2009 &nbsp; VISTO: La necesidad de crear el marco legal apropiado para implementar la creaci\u00f3n de la Polic\u00eda Montada en Villa de Merlo; y CONSIDERANDO: Que en la reuni\u00f3n del 11 de junio pasado en el Ministerio de Seguridad, estando presente el Sr. Ministro<\/p><\/div>\n<div class=\"blog-btn\"><a href=\"https:\/\/hcdvillademerlo.com\/index.php\/2016\/05\/16\/excepcionar-ordenanza-688-para-animales-de-la-montada\/\" class=\"home-blog-btn\">Leer m\u00e1s<\/a><\/p>\n","protected":false},"author":1,"featured_media":0,"comment_status":"closed","ping_status":"open","sticky":false,"template":"","format":"standard","meta":{"footnotes":""},"categories":[21,309],"tags":[32],"class_list":["post-1387","post","type-post","status-publish","format-standard","hentry","category-medio-ambiente","category-ordenanzas-2009","tag-animales"],"_links":{"self":[{"href":"https:\/\/hcdvillademerlo.com\/index.php\/wp-json\/wp\/v2\/posts\/1387","targetHints":{"allow":["GET"]}}],"collection":[{"href":"https:\/\/hcdvillademerlo.com\/index.php\/wp-json\/wp\/v2\/posts"}],"about":[{"href":"https:\/\/hcdvillademerlo.com\/index.php\/wp-json\/wp\/v2\/types\/post"}],"author":[{"embeddable":true,"href":"https:\/\/hcdvillademerlo.com\/index.php\/wp-json\/wp\/v2\/users\/1"}],"replies":[{"embeddable":true,"href":"https:\/\/hcdvillademerlo.com\/index.php\/wp-json\/wp\/v2\/comments?post=1387"}],"version-history":[{"count":1,"href":"https:\/\/hcdvillademerlo.com\/index.php\/wp-json\/wp\/v2\/posts\/1387\/revisions"}],"predecessor-version":[{"id":7406,"href":"https:\/\/hcdvillademerlo.com\/index.php\/wp-json\/wp\/v2\/posts\/1387\/revisions\/7406"}],"wp:attachment":[{"href":"https:\/\/hcdvillademerlo.com\/index.php\/wp-json\/wp\/v2\/media?parent=1387"}],"wp:term":[{"taxonomy":"category","embeddable":true,"href":"https:\/\/hcdvillademerlo.com\/index.php\/wp-json\/wp\/v2\/categories?post=1387"},{"taxonomy":"post_tag","embeddable":true,"href":"https:\/\/hcdvillademerlo.com\/index.php\/wp-json\/wp\/v2\/tags?post=1387"}],"curies":[{"name":"wp","href":"https:\/\/api.w.org\/{rel}","templated":true}]}}