{"id":1383,"date":"2016-05-16T13:17:17","date_gmt":"2016-05-16T16:17:17","guid":{"rendered":"http:\/\/hcdvillademerlo.com.ar.j8a.com.ar\/?p=1383"},"modified":"2021-11-26T11:22:48","modified_gmt":"2021-11-26T14:22:48","slug":"campana-energias-alternativas-en-parque-industrial","status":"publish","type":"post","link":"https:\/\/hcdvillademerlo.com\/index.php\/2016\/05\/16\/campana-energias-alternativas-en-parque-industrial\/","title":{"rendered":"CAMPA\u00d1A ENERGIAS ALTERNATIVAS EN PARQUE INDUSTRIAL"},"content":{"rendered":"<p style=\"text-align: right\">Villa de Merlo (S.L.) 05 de Junio de 2009.-<\/p>\n<p>&nbsp;<br \/>\n&nbsp;<\/p>\n<p style=\"text-align: center\"><strong><u>ORDENANZA N\u00ba 1148-HCD-2009.-<\/u><\/strong><\/p>\n<p style=\"text-align: center\"><strong><u>\u201cCampa\u00f1a Energ\u00edas Alternativas Lote Parque Industrial\u201d<\/u><\/strong><\/p>\n<p style=\"text-align: center\"><strong>\u00a0<\/strong><\/p>\n<p><strong>\u00a0<\/strong><br \/>\n<strong><u>VISTO<\/u><\/strong><strong>:<\/strong><br \/>\nLa necesidad de fomentar acciones concretas\u00a0 tendientes a PROMOVER, INVESTIGAR Y DESARROLLAR\u00a0 ENERGIAS ALTERNATIVAS NO CONTAMINANTES Y RENOVABLES en nuestra Villa de Merlo; y:<br \/>\n&nbsp;<br \/>\n<strong><u>CONSIDERANDO<\/u><\/strong><strong>:<\/strong><\/p>\n<p style=\"text-align: justify\"><strong>\u00a0<\/strong>Que el desarrollo de pol\u00edticas medioambientales en los Municipios a\u00fan en los m\u00e1s peque\u00f1os, es un requisito ineludible para colaborar en la integraci\u00f3n de toda la sociedad en los problemas ambientales de nuestro tiempo.-<\/p>\n<p style=\"text-align: justify\">Que los retos a los que nos afrontamos, exigen un compromiso profundo de toda la sociedad, y en ella, los Municipios\u00a0 y especialmente los m\u00e1s peque\u00f1os, cumplen una funci\u00f3n vital, como ente promotor y divulgador de iniciativas a favor del Medio Ambiente haciendo que su cercan\u00eda al ciudadano impulse y\u00a0 motive a \u00e9stos,\u00a0 a\u00a0 adoptar h\u00e1bitos m\u00e1s compatibles con el entorno.-<\/p>\n<p style=\"text-align: justify\">Que si bien sabemos que las dificultades que existen para la implementaci\u00f3n de \u00e9stas iniciativas, son muchas, tanto desde lo legislativo,\u00a0 lo cultural o lo econ\u00f3mico, sostenemos que se puede implementar una exitosa Pol\u00edtica Medioambiental, con imaginaci\u00f3n, creatividad y un compromiso real\u00a0 de\u00a0 impulsar al Municipio hacia el Desarrollo Sostenible.-<\/p>\n<p style=\"text-align: justify\">Que los convenios de colaboraci\u00f3n y\/o financiamiento, con otros estamentos Gubernamentales, Empresas y ONG, son tambi\u00e9n hoy en d\u00eda claves para\u00a0 el buen desempe\u00f1o de estas iniciativas.-<\/p>\n<p style=\"text-align: justify\"><strong>\u00a0<\/strong>Que el objetivo de esta propuesta es favorecer el asentamiento de empresas orientadas a esta tem\u00e1tica tanto como proveedoras, investigadoras o fabricantes.-<\/p>\n<p style=\"text-align: justify\">Que estos tipos de emprendimientos pueden ser apoyados por programas Nacionales (PYMES), programas Internacionales (Gubernamentales y Privados) para los cuales el reconocimiento Municipal ya los posiciona dentro de un plano de mayor facilidad para el alcance del mismo.-<\/p>\n<p style=\"text-align: justify\">Que una acci\u00f3n generada aun desde un peque\u00f1o lugar como es un Municipio puede generar un efecto multiplicador y llegar a implementarse en mayores escalas tales como Provinciales y Nacionales.-<\/p>\n<p style=\"text-align: justify\">Que es tema cotidiano la problem\u00e1tica que padecemos por las Energ\u00edas tradicionales\u00a0 pero que en definitiva es poco lo que vemos que se hace para modificar tal situaci\u00f3n y si bien es poco lo que podemos hacer desde ac\u00e1, tenemos la esperanza que acciones de esta naturaleza se tomen en los grandes sectores de nuestra sociedad.-<\/p>\n<p style=\"text-align: justify\">\n<p style=\"text-align: justify\"><strong>POR TODO LO EXPUESTO Y EN USO DE LAS FACULTADES Y ATRIBUCIONES QUE LE CONFIERE LA LEY,\u00a0 ESTE HONORABLE CONCEJO DELIBERANTE DE LA CIUDAD VILLA DE MERLO, SAN LUIS, SANCIONA LA SIGUIENTE:<\/strong><\/p>\n<h4 style=\"text-align: center\"><strong><u>O R D E N A N Z A<\/u><\/strong><\/h4>\n<p>&nbsp;<br \/>\n<strong><u>Art. 1\u00ba<\/u><\/strong><strong>:<\/strong> <strong>LLAMAR<\/strong> a <strong>INSCRIPCI\u00d3N<\/strong> de los interesados para la evaluaci\u00f3n de proyectos relacionados al Medio Ambiente, en un plazo de CIENTO OCHENTA (180) d\u00edas a partir de la sanci\u00f3n de la presente, de cuya n\u00f3mina resultar\u00e1 el beneficiario\/ preadjudicatario, conforme al articulado que sigue.-<br \/>\n<strong><u>Art. 2<\/u><\/strong><u>\u00ba<\/u>: <strong>DISPONER<\/strong>, la preadjudicaci\u00f3n de una parcela municipal dentro del Parque Industrial \u201cEliseo Mercau\u201d, la que se identifica como Manzana 105, Parcela 2., del Plano de Mensura N\u00ba 6\/31\/99 debiendo sancionarse la correspondiente Ordenanza en su oportunidad.-<br \/>\n<strong><u>Art. 3\u00ba<\/u><\/strong><strong>:<\/strong> La misma ser\u00e1 preadjudicada a los particulares o entidades privadas y\/o gubernamentales, cuyas actividades sean dirigidas espec\u00edficamente a investigaci\u00f3n, producci\u00f3n de productos y\/o servicios destinados al Medio Ambiente, todo ello a trav\u00e9s de la evaluaci\u00f3n que en su oportunidad realizar\u00e1 este H.C.D.-<br \/>\n<strong><u>Art. 4\u00ba<\/u><\/strong><strong>:<\/strong> <strong>DAR<\/strong> <strong>AMPLIA<\/strong> difusi\u00f3n a la presente a nivel local, provincial y nacional.-<br \/>\n<strong><u>Art. 5\u00ba<\/u><\/strong><strong>:<\/strong> <strong>COMUNIQUESE, NOTIFIQUESE, PUBLIQUESE, REGISTRESE Y OPORTUNAMENTE ARCHIVESE.-<\/strong><br \/>\n&nbsp;<br \/>\n&nbsp;<br \/>\n&nbsp;<br \/>\n&nbsp;<\/p>\n","protected":false},"excerpt":{"rendered":"<p>Villa de Merlo (S.L.) 05 de Junio de 2009.- &nbsp; &nbsp; ORDENANZA N\u00ba 1148-HCD-2009.- \u201cCampa\u00f1a Energ\u00edas Alternativas Lote Parque Industrial\u201d \u00a0 \u00a0 VISTO: La necesidad de fomentar acciones concretas\u00a0 tendientes a PROMOVER, INVESTIGAR Y DESARROLLAR\u00a0 ENERGIAS ALTERNATIVAS NO CONTAMINANTES Y RENOVABLES en nuestra Villa de Merlo; y: &nbsp; CONSIDERANDO: \u00a0Que el desarrollo de pol\u00edticas medioambientales<\/p><\/div>\n<div class=\"blog-btn\"><a href=\"https:\/\/hcdvillademerlo.com\/index.php\/2016\/05\/16\/campana-energias-alternativas-en-parque-industrial\/\" class=\"home-blog-btn\">Leer m\u00e1s<\/a><\/p>\n","protected":false},"author":1,"featured_media":0,"comment_status":"closed","ping_status":"open","sticky":false,"template":"","format":"standard","meta":{"footnotes":""},"categories":[309,9],"tags":[],"class_list":["post-1383","post","type-post","status-publish","format-standard","hentry","category-ordenanzas-2009","category-planeamiento-urbano"],"_links":{"self":[{"href":"https:\/\/hcdvillademerlo.com\/index.php\/wp-json\/wp\/v2\/posts\/1383","targetHints":{"allow":["GET"]}}],"collection":[{"href":"https:\/\/hcdvillademerlo.com\/index.php\/wp-json\/wp\/v2\/posts"}],"about":[{"href":"https:\/\/hcdvillademerlo.com\/index.php\/wp-json\/wp\/v2\/types\/post"}],"author":[{"embeddable":true,"href":"https:\/\/hcdvillademerlo.com\/index.php\/wp-json\/wp\/v2\/users\/1"}],"replies":[{"embeddable":true,"href":"https:\/\/hcdvillademerlo.com\/index.php\/wp-json\/wp\/v2\/comments?post=1383"}],"version-history":[{"count":1,"href":"https:\/\/hcdvillademerlo.com\/index.php\/wp-json\/wp\/v2\/posts\/1383\/revisions"}],"predecessor-version":[{"id":7408,"href":"https:\/\/hcdvillademerlo.com\/index.php\/wp-json\/wp\/v2\/posts\/1383\/revisions\/7408"}],"wp:attachment":[{"href":"https:\/\/hcdvillademerlo.com\/index.php\/wp-json\/wp\/v2\/media?parent=1383"}],"wp:term":[{"taxonomy":"category","embeddable":true,"href":"https:\/\/hcdvillademerlo.com\/index.php\/wp-json\/wp\/v2\/categories?post=1383"},{"taxonomy":"post_tag","embeddable":true,"href":"https:\/\/hcdvillademerlo.com\/index.php\/wp-json\/wp\/v2\/tags?post=1383"}],"curies":[{"name":"wp","href":"https:\/\/api.w.org\/{rel}","templated":true}]}}