{"id":1245,"date":"2016-05-10T14:01:40","date_gmt":"2016-05-10T17:01:40","guid":{"rendered":"http:\/\/hcdvillademerlo.com.ar.j8a.com.ar\/?p=1245"},"modified":"2021-11-29T20:51:49","modified_gmt":"2021-11-29T23:51:49","slug":"autoriza-excepcion-donar-espacio-verde-a-mercau-para-obra-de-agua-potable-green-sa","status":"publish","type":"post","link":"https:\/\/hcdvillademerlo.com\/index.php\/2016\/05\/10\/autoriza-excepcion-donar-espacio-verde-a-mercau-para-obra-de-agua-potable-green-sa\/","title":{"rendered":"AUTORIZA EXCEPCION DONAR ESPACIO VERDE A MERCAU PARA OBRA DE AGUA POTABLE &#8211; GREEN SA"},"content":{"rendered":"<p style=\"text-align: right\">Villa de Merlo, (S.L)., 03 de Setiembre de 2007.-<\/p>\n<p>&nbsp;<\/p>\n<p style=\"text-align: center\"><span style=\"text-decoration: underline\"><strong>ORDENANZA N\u00ba 1059-HCD-2007<\/strong><\/span>\n<\/p>\n<p><span style=\"text-decoration: underline\"><strong>VISTO:<\/strong><\/span><br \/>\nLa solicitud presentada a este Concejo, mediante Nota Recibida N\u00b0 437-HCD-2007, de fecha 17.08.2007,\u00a0 por la Secretaria de Planeamiento de la Municipalidad de Merlo (S.L.), Arq. Laura Brandi, elevando el pedido de la Empresa \u201cGREEN S.A.\u201d y:<br \/>\n&nbsp;<br \/>\n<span style=\"text-decoration: underline\"><strong>CONSIDERANDO:<\/strong><\/span><br \/>\nQue a trav\u00e9s de la misma, solicita tratamiento y resoluci\u00f3n, sobre el pedido efectuado por el Ing. Daniel Kurban, en representaci\u00f3n de la Empresa \u201cGREEN S.A.\u201d, quien pide se except\u00fae a los Sres. Carlos Rodolfo Mercau\u00a0 y Mar\u00eda del Rosario Mercau, de la obligaci\u00f3n impuesta en la Ordenanza N\u00ba 744-HCD-2000, de donar superficie destinada a espacio verde, con motivo del fraccionamiento que ellos deben hacer, para poder vender a la Empresa un espacio destinado al emplazamiento del conjunto estaci\u00f3n de bombeo y cisterna principal correspondiente al acueducto de la Obra de Agua Potable para \u00e9sta Ciudad, de acuerdo a la Licitaci\u00f3n P\u00fablica N\u00ba 19\/2006, del Gobierno Provincial.-<br \/>\nQue la solicitud presentada por la Empresa \u201cGREEN S.A.\u201d al Ejecutivo, con fecha 01.06.2007, lo es, efectivamente, en relaci\u00f3n a la Obra de Provisi\u00f3n de Agua Potable para \u00e9sta localidad, que dicha Firma ejecuta para el Gobierno de la Provincia de San Luis.-<br \/>\nQue precisa el Ing. Kurb\u00e1n, que los hermanos Mercau, son propietarios de la propiedad ubicada en el Rinc\u00f3n del Este, entre Avda. Jos\u00e9 A. Mercau y Calle Los P\u00e1jaros, que se denomina como Parcela \u201cD\u201d, con una superficie de 296 hect\u00e1reas, con 5.050 mts.2, inscripta en el Registro de la Propiedad Inmueble de la Ciudad de San Luis, Capital, al Tomo 42 (Ley 3236), de Jun\u00edn, Folio 292, N\u00ba 628, con fecha 03 de Noviembre de 1984.-<br \/>\nQue de dicha propiedad, la Empresa necesita adquirir 5.200 mts.2, que resultar\u00e1 de la mensura del plano que figura en el Expte. N\u00ba 2508, de fecha 04 de Marzo de 2002, presentado en la Municipalidad de Merlo.-<br \/>\nQue dicha parcela se ubicar\u00e1 a 739 metros de la Avda. Jos\u00e9 A. Mercau hacia el Este y por Calle Proyectada, continuaci\u00f3n de Carlos Gardel, hasta Calle Los P\u00e1jaros, y deber\u00e1 tener 65 metros en su frente al Sur, lindando con Calle Carlos Gardel, por igual medida en su contrafrente al Norte; y 80 metros en sus costados Este y Oeste.-<br \/>\nQue ante la entidad e importancia que reviste la obra del agua potable para Merlo, realizada por el Gobierno de la Provincia a trav\u00e9s de \u00e9sta Empresa contratista, lo solicitado resulta a todas luces atendible.-<br \/>\nQue se deja perfectamente establecido, que ello as\u00ed se considera, por cuanto se trata de una Obra P\u00fablica, y es evidente que no se trata de un fraccionamiento que se realice a iniciativas de los propietarios (sino a ra\u00edz de los requerimientos de la Obra P\u00fablica mencionada), ni ning\u00fan emprendimiento particular, sino que por la ubicaci\u00f3n de su propiedad, este espacio resulta imprescindible para el fin antes determinado, siendo coincidente lo resuelto en la presente con lo establecido por la Ordenanza N\u00ba 1031-HCD-2007.-<br \/>\n&nbsp;<br \/>\n<strong>POR TODO ELLO EL HONORABLE CONCEJO DELIBERANTE DE LA CIUDAD VILLA DE MERLO, SAN LUIS, EN USO DE LAS FACULTADES Y ATRIBUCIONES QUE LE CONFIERE LA LEY , SANCIONA LA SIGUIENTE:<\/strong><br \/>\n&nbsp;<\/p>\n<p style=\"text-align: center\"><span style=\"text-decoration: underline\"><strong>ORDENANZA<\/strong><\/span>\n<\/p>\n<p><strong>Art.1\u00ba).-\u00a0\u00a0\u00a0\u00a0\u00a0\u00a0\u00a0\u00a0\u00a0\u00a0\u00a0\u00a0\u00a0\u00a0\u00a0\u00a0\u00a0\u00a0\u00a0 EXIMIR<\/strong>, a los Sres. CARLOS RODOLFO MERCAU, D.N.I. N\u00ba 7.730.885, y MARIA DEL ROSARIO MERCAU, D.N.I. N\u00ba 5.139.435, de ceder el 15% del total de su propiedad conforme lo establece la legislaci\u00f3n local vigente, por la venta de una parcela que \u00e9stos realizar\u00e1n, a la Raz\u00f3n Social \u201cGREEN S.A.\u201d, representada por el Ingeniero DANIEL KURBAN, con domicilio en Calle Presidente Per\u00f3n N\u00b0 746, de la Ciudad de San Luis, Capital, con la finalidad de construir en la misma el conjunto estaci\u00f3n de bombeo y cisterna principal, para la obra que lleva a cabo el Gobierno de la Provincia, de \u201cProvisi\u00f3n de Agua Potable a la Ciudad de Merlo\u201d, mediante Licitaci\u00f3n P\u00fablica N\u00b0 19\/2006, en relaci\u00f3n a la superficie, ubicaci\u00f3n y linderos del inmueble, individualizados en los considerandos de la presente, aclar\u00e1ndose que la eximisi\u00f3n en cuesti\u00f3n, se refiere a \u00e9sta venta en particular, por los motivos explicitados, y en consecuencia no es comprensiva de futuras subdivisiones.-<br \/>\n<strong>Art.2\u00ba).- COMUNIQUESE, NOTIFIQUESE, REGISTRESE, PUBLIQUESE Y OPORTUNAMENTE ARCHIVESE.-<\/strong><\/p>\n","protected":false},"excerpt":{"rendered":"<p>Villa de Merlo, (S.L)., 03 de Setiembre de 2007.- &nbsp; ORDENANZA N\u00ba 1059-HCD-2007 VISTO: La solicitud presentada a este Concejo, mediante Nota Recibida N\u00b0 437-HCD-2007, de fecha 17.08.2007,\u00a0 por la Secretaria de Planeamiento de la Municipalidad de Merlo (S.L.), Arq. Laura Brandi, elevando el pedido de la Empresa \u201cGREEN S.A.\u201d y: &nbsp; CONSIDERANDO: Que a<\/p><\/div>\n<div class=\"blog-btn\"><a href=\"https:\/\/hcdvillademerlo.com\/index.php\/2016\/05\/10\/autoriza-excepcion-donar-espacio-verde-a-mercau-para-obra-de-agua-potable-green-sa\/\" class=\"home-blog-btn\">Leer m\u00e1s<\/a><\/p>\n","protected":false},"author":1,"featured_media":0,"comment_status":"closed","ping_status":"open","sticky":false,"template":"","format":"standard","meta":{"footnotes":""},"categories":[313,9],"tags":[],"class_list":["post-1245","post","type-post","status-publish","format-standard","hentry","category-ordenanzas-2007","category-planeamiento-urbano"],"_links":{"self":[{"href":"https:\/\/hcdvillademerlo.com\/index.php\/wp-json\/wp\/v2\/posts\/1245","targetHints":{"allow":["GET"]}}],"collection":[{"href":"https:\/\/hcdvillademerlo.com\/index.php\/wp-json\/wp\/v2\/posts"}],"about":[{"href":"https:\/\/hcdvillademerlo.com\/index.php\/wp-json\/wp\/v2\/types\/post"}],"author":[{"embeddable":true,"href":"https:\/\/hcdvillademerlo.com\/index.php\/wp-json\/wp\/v2\/users\/1"}],"replies":[{"embeddable":true,"href":"https:\/\/hcdvillademerlo.com\/index.php\/wp-json\/wp\/v2\/comments?post=1245"}],"version-history":[{"count":1,"href":"https:\/\/hcdvillademerlo.com\/index.php\/wp-json\/wp\/v2\/posts\/1245\/revisions"}],"predecessor-version":[{"id":7470,"href":"https:\/\/hcdvillademerlo.com\/index.php\/wp-json\/wp\/v2\/posts\/1245\/revisions\/7470"}],"wp:attachment":[{"href":"https:\/\/hcdvillademerlo.com\/index.php\/wp-json\/wp\/v2\/media?parent=1245"}],"wp:term":[{"taxonomy":"category","embeddable":true,"href":"https:\/\/hcdvillademerlo.com\/index.php\/wp-json\/wp\/v2\/categories?post=1245"},{"taxonomy":"post_tag","embeddable":true,"href":"https:\/\/hcdvillademerlo.com\/index.php\/wp-json\/wp\/v2\/tags?post=1245"}],"curies":[{"name":"wp","href":"https:\/\/api.w.org\/{rel}","templated":true}]}}