{"id":11641,"date":"2026-01-21T10:10:23","date_gmt":"2026-01-21T13:10:23","guid":{"rendered":"https:\/\/hcdvillademerlo.com\/?p=11641"},"modified":"2026-02-16T11:30:15","modified_gmt":"2026-02-16T14:30:15","slug":"expediente-de-audiencia-publica-sobre-el-plan-de-ordenamiento-territorial-de-la-villa-de-merlo","status":"publish","type":"post","link":"https:\/\/hcdvillademerlo.com\/index.php\/2026\/01\/21\/expediente-de-audiencia-publica-sobre-el-plan-de-ordenamiento-territorial-de-la-villa-de-merlo\/","title":{"rendered":"EXPEDIENTE DE AUDIENCIA P\u00daBLICA SOBRE EL PLAN DE ORDENAMIENTO TERRITORIAL DE LA VILLA DE MERLO"},"content":{"rendered":"\n<p>Bienvenidos al expediente digital de informaci\u00f3n esencial para el desarrollo de la Audiencia P\u00fablica sobre el Plan de Ordenamiento Territorial de la Villa de Merlo, que se llevara a cabo el d\u00eda 27 de febrero a partir de las 10:00 hs. en las instalaciones de la instituci\u00f3n, calle Juana Azurduy 715, y ser\u00e1 conducida por la Presidente del Concejo Deliberante, Mgtr. Patricia Morand\u00e9.<\/p>\n\n\n\n<p>La Audiencia P\u00fablica tendr\u00e1 como objetivo primordial abrir el debate sobre el documento denominado INFORME 3: C\u00d3DIGO DE ORDENAMIENTO URBANO TERRITORIAL PARA LA VILLA DE MERLO e involucrar a la comunidad de forma participativa.<\/p>\n\n\n\n<p>Aqu\u00ed podr\u00e1n encontrar los archivos que dan el marco de estudio completo sobre la tem\u00e1tica en cuesti\u00f3n y cuya lectura permitir\u00e1 desarrollar exposiciones acordes al momento de la audiencia:<\/p>\n\n\n\n<div data-wp-interactive=\"core\/file\" class=\"wp-block-file\"><object data-wp-bind--hidden=\"!state.hasPdfPreview\" hidden class=\"wp-block-file__embed\" data=\"https:\/\/hcdvillademerlo.com\/wp-content\/uploads\/2026\/01\/RESOLUCION-N\u00b0-2457-C.D.-2026-CONVOCATORIA-A-AUDIENCIA-PUBLICA-NUEVO-ORDENAMIENTO-TERRITORIAL-1.pdf\" type=\"application\/pdf\" style=\"width:100%;height:600px\" aria-label=\"Incrustado de RESOLUCI\u00d3N N\u00b0 2457-C.D.-2026 CONVOCATORIA A AUDIENCIA PUBLICA  NUEVO ORDENAMIENTO TERRITORIAL.\"><\/object><a id=\"wp-block-file--media-416da6b0-3cd1-465e-abe3-3f614ce27f76\" href=\"https:\/\/hcdvillademerlo.com\/wp-content\/uploads\/2026\/01\/RESOLUCION-N\u00b0-2457-C.D.-2026-CONVOCATORIA-A-AUDIENCIA-PUBLICA-NUEVO-ORDENAMIENTO-TERRITORIAL-1.pdf\">RESOLUCI\u00d3N N\u00b0 2457-C.D.-2026 CONVOCATORIA A AUDIENCIA PUBLICA  NUEVO ORDENAMIENTO TERRITORIAL<\/a><a href=\"https:\/\/hcdvillademerlo.com\/wp-content\/uploads\/2026\/01\/RESOLUCION-N\u00b0-2457-C.D.-2026-CONVOCATORIA-A-AUDIENCIA-PUBLICA-NUEVO-ORDENAMIENTO-TERRITORIAL-1.pdf\" class=\"wp-block-file__button wp-element-button\" download aria-describedby=\"wp-block-file--media-416da6b0-3cd1-465e-abe3-3f614ce27f76\">Descarga<\/a><\/div>\n\n\n\n<div data-wp-interactive=\"core\/file\" class=\"wp-block-file\"><object data-wp-bind--hidden=\"!state.hasPdfPreview\" hidden class=\"wp-block-file__embed\" data=\"https:\/\/hcdvillademerlo.com\/wp-content\/uploads\/2026\/01\/O-1168-X-C.D.-2009-2025-T.O.-AUDIENCIAS-PUBLICAS-1.pdf\" type=\"application\/pdf\" style=\"width:100%;height:600px\" aria-label=\"Incrustado de O-(1168-X-C.D.-2009)-2025- T.O.  AUDIENCIAS P\u00daBLICAS.\"><\/object><a id=\"wp-block-file--media-0931663b-a870-4f26-82ed-74e4ad36944e\" href=\"https:\/\/hcdvillademerlo.com\/wp-content\/uploads\/2026\/01\/O-1168-X-C.D.-2009-2025-T.O.-AUDIENCIAS-PUBLICAS-1.pdf\">O-(1168-X-C.D.-2009)-2025- T.O.  AUDIENCIAS P\u00daBLICAS<\/a><a href=\"https:\/\/hcdvillademerlo.com\/wp-content\/uploads\/2026\/01\/O-1168-X-C.D.-2009-2025-T.O.-AUDIENCIAS-PUBLICAS-1.pdf\" class=\"wp-block-file__button wp-element-button\" download aria-describedby=\"wp-block-file--media-0931663b-a870-4f26-82ed-74e4ad36944e\">Descarga<\/a><\/div>\n\n\n\n<div data-wp-interactive=\"core\/file\" class=\"wp-block-file\"><object data-wp-bind--hidden=\"!state.hasPdfPreview\" hidden class=\"wp-block-file__embed\" data=\"https:\/\/hcdvillademerlo.com\/wp-content\/uploads\/2026\/01\/Informe-1-Diagnostico-Villa-de-Merlo-1.pdf\" type=\"application\/pdf\" style=\"width:100%;height:600px\" aria-label=\"Incrustado de Informe 1-Diagn\u00f3stico Villa de Merlo.\"><\/object><a id=\"wp-block-file--media-da2d9ea6-73e6-4b66-afb5-3e5fec2cc915\" href=\"https:\/\/hcdvillademerlo.com\/wp-content\/uploads\/2026\/01\/Informe-1-Diagnostico-Villa-de-Merlo-1.pdf\">Informe 1-Diagn\u00f3stico Villa de Merlo<\/a><a href=\"https:\/\/hcdvillademerlo.com\/wp-content\/uploads\/2026\/01\/Informe-1-Diagnostico-Villa-de-Merlo-1.pdf\" class=\"wp-block-file__button wp-element-button\" download aria-describedby=\"wp-block-file--media-da2d9ea6-73e6-4b66-afb5-3e5fec2cc915\">Descarga<\/a><\/div>\n\n\n\n<div data-wp-interactive=\"core\/file\" class=\"wp-block-file\"><object data-wp-bind--hidden=\"!state.hasPdfPreview\" hidden class=\"wp-block-file__embed\" data=\"https:\/\/hcdvillademerlo.com\/wp-content\/uploads\/2026\/01\/Informe-2-Modelo-Deseado-y-Cartera-de-Proyectos-1-1.pdf\" type=\"application\/pdf\" style=\"width:100%;height:600px\" aria-label=\"Incrustado de Informe 2 - Modelo Deseado y Cartera de Proyectos  (1).\"><\/object><a id=\"wp-block-file--media-d40715dc-9b12-4002-91db-0fe10c29086c\" href=\"https:\/\/hcdvillademerlo.com\/wp-content\/uploads\/2026\/01\/Informe-2-Modelo-Deseado-y-Cartera-de-Proyectos-1-1.pdf\">Informe 2 &#8211; Modelo Deseado y Cartera de Proyectos  (1)<\/a><a href=\"https:\/\/hcdvillademerlo.com\/wp-content\/uploads\/2026\/01\/Informe-2-Modelo-Deseado-y-Cartera-de-Proyectos-1-1.pdf\" class=\"wp-block-file__button wp-element-button\" download aria-describedby=\"wp-block-file--media-d40715dc-9b12-4002-91db-0fe10c29086c\">Descarga<\/a><\/div>\n\n\n\n<div data-wp-interactive=\"core\/file\" class=\"wp-block-file\"><object data-wp-bind--hidden=\"!state.hasPdfPreview\" hidden class=\"wp-block-file__embed\" data=\"https:\/\/hcdvillademerlo.com\/wp-content\/uploads\/2026\/01\/INFORME-3-Codigo-Urbano-2-1.pdf\" type=\"application\/pdf\" style=\"width:100%;height:600px\" aria-label=\"Incrustado de INFORME 3 - C\u00f3digo Urbano (2).\"><\/object><a id=\"wp-block-file--media-ed3885ee-ae1b-4e2a-82b1-da02eeb2daa4\" href=\"https:\/\/hcdvillademerlo.com\/wp-content\/uploads\/2026\/01\/INFORME-3-Codigo-Urbano-2-1.pdf\">INFORME 3 &#8211; C\u00f3digo Urbano (2)<\/a><a href=\"https:\/\/hcdvillademerlo.com\/wp-content\/uploads\/2026\/01\/INFORME-3-Codigo-Urbano-2-1.pdf\" class=\"wp-block-file__button wp-element-button\" download aria-describedby=\"wp-block-file--media-ed3885ee-ae1b-4e2a-82b1-da02eeb2daa4\">Descarga<\/a><\/div>\n\n\n\n<div data-wp-interactive=\"core\/file\" class=\"wp-block-file\"><object data-wp-bind--hidden=\"!state.hasPdfPreview\" hidden class=\"wp-block-file__embed\" data=\"https:\/\/hcdvillademerlo.com\/wp-content\/uploads\/2026\/01\/Condiciones-Excluyentes-de-Inscripcion-para-la-Audiencia-Publica-sobre-el-Plan-de-Ordenamiento-Territorial-acorde-a-la-Ordenanza-N-1.pdf\" type=\"application\/pdf\" style=\"width:100%;height:600px\" aria-label=\"Incrustado de Condiciones Excluyentes de Inscripci\u00f3n para la Audiencia P\u00fablica sobre el Plan de Ordenamiento Territorial acorde a la Ordenanza N.\"><\/object><a id=\"wp-block-file--media-2848e89f-995f-4a0e-9d9e-8d5e043b783e\" href=\"https:\/\/hcdvillademerlo.com\/wp-content\/uploads\/2026\/01\/Condiciones-Excluyentes-de-Inscripcion-para-la-Audiencia-Publica-sobre-el-Plan-de-Ordenamiento-Territorial-acorde-a-la-Ordenanza-N-1.pdf\">Condiciones Excluyentes de Inscripci\u00f3n para la Audiencia P\u00fablica sobre el Plan de Ordenamiento Territorial acorde a la Ordenanza N<\/a><a href=\"https:\/\/hcdvillademerlo.com\/wp-content\/uploads\/2026\/01\/Condiciones-Excluyentes-de-Inscripcion-para-la-Audiencia-Publica-sobre-el-Plan-de-Ordenamiento-Territorial-acorde-a-la-Ordenanza-N-1.pdf\" class=\"wp-block-file__button wp-element-button\" download aria-describedby=\"wp-block-file--media-2848e89f-995f-4a0e-9d9e-8d5e043b783e\">Descarga<\/a><\/div>\n\n\n\n<div data-wp-interactive=\"core\/file\" class=\"wp-block-file\"><object data-wp-bind--hidden=\"!state.hasPdfPreview\" hidden class=\"wp-block-file__embed\" data=\"https:\/\/hcdvillademerlo.com\/wp-content\/uploads\/2026\/01\/ZONIFICACION-CODIGO-INFORME-3.pdf\" type=\"application\/pdf\" style=\"width:100%;height:600px\" aria-label=\"Incrustado de ZONIFICACION CODIGO INFORME 3.\"><\/object><a id=\"wp-block-file--media-4996ce8c-643c-4605-aa85-031471c3acb4\" href=\"https:\/\/hcdvillademerlo.com\/wp-content\/uploads\/2026\/01\/ZONIFICACION-CODIGO-INFORME-3.pdf\">ZONIFICACION CODIGO INFORME 3<\/a><a href=\"https:\/\/hcdvillademerlo.com\/wp-content\/uploads\/2026\/01\/ZONIFICACION-CODIGO-INFORME-3.pdf\" class=\"wp-block-file__button wp-element-button\" download aria-describedby=\"wp-block-file--media-4996ce8c-643c-4605-aa85-031471c3acb4\">Descarga<\/a><\/div>\n\n\n\n<div data-wp-interactive=\"core\/file\" class=\"wp-block-file\"><object data-wp-bind--hidden=\"!state.hasPdfPreview\" hidden class=\"wp-block-file__embed\" data=\"https:\/\/hcdvillademerlo.com\/wp-content\/uploads\/2026\/01\/Merlo_Zonificacion.pdf\" type=\"application\/pdf\" style=\"width:100%;height:610px\" aria-label=\"Incrustado de _Merlo_Zonificacion.\"><\/object><a id=\"wp-block-file--media-5ddb6b8e-a093-46cb-a943-1446e0750e33\" href=\"https:\/\/hcdvillademerlo.com\/wp-content\/uploads\/2026\/01\/Merlo_Zonificacion.pdf\">_Merlo_Zonificacion<\/a><a href=\"https:\/\/hcdvillademerlo.com\/wp-content\/uploads\/2026\/01\/Merlo_Zonificacion.pdf\" class=\"wp-block-file__button wp-element-button\" download aria-describedby=\"wp-block-file--media-5ddb6b8e-a093-46cb-a943-1446e0750e33\">Descarga<\/a><\/div>\n","protected":false},"excerpt":{"rendered":"<p>Bienvenidos al expediente digital de informaci\u00f3n esencial para el desarrollo de la Audiencia P\u00fablica sobre el Plan de Ordenamiento Territorial de la Villa de Merlo, que se llevara a cabo el d\u00eda 27 de febrero a partir de las 10:00 hs. en las instalaciones de la instituci\u00f3n, calle Juana Azurduy 715, y ser\u00e1 conducida por<\/p><\/div>\n<div class=\"blog-btn\"><a href=\"https:\/\/hcdvillademerlo.com\/index.php\/2026\/01\/21\/expediente-de-audiencia-publica-sobre-el-plan-de-ordenamiento-territorial-de-la-villa-de-merlo\/\" class=\"home-blog-btn\">Leer m\u00e1s<\/a><\/p>\n","protected":false},"author":19,"featured_media":0,"comment_status":"closed","ping_status":"open","sticky":false,"template":"","format":"standard","meta":{"footnotes":""},"categories":[5,6,4],"tags":[],"class_list":["post-11641","post","type-post","status-publish","format-standard","hentry","category-comunicados","category-informe-sesion","category-noticias"],"_links":{"self":[{"href":"https:\/\/hcdvillademerlo.com\/index.php\/wp-json\/wp\/v2\/posts\/11641","targetHints":{"allow":["GET"]}}],"collection":[{"href":"https:\/\/hcdvillademerlo.com\/index.php\/wp-json\/wp\/v2\/posts"}],"about":[{"href":"https:\/\/hcdvillademerlo.com\/index.php\/wp-json\/wp\/v2\/types\/post"}],"author":[{"embeddable":true,"href":"https:\/\/hcdvillademerlo.com\/index.php\/wp-json\/wp\/v2\/users\/19"}],"replies":[{"embeddable":true,"href":"https:\/\/hcdvillademerlo.com\/index.php\/wp-json\/wp\/v2\/comments?post=11641"}],"version-history":[{"count":8,"href":"https:\/\/hcdvillademerlo.com\/index.php\/wp-json\/wp\/v2\/posts\/11641\/revisions"}],"predecessor-version":[{"id":11677,"href":"https:\/\/hcdvillademerlo.com\/index.php\/wp-json\/wp\/v2\/posts\/11641\/revisions\/11677"}],"wp:attachment":[{"href":"https:\/\/hcdvillademerlo.com\/index.php\/wp-json\/wp\/v2\/media?parent=11641"}],"wp:term":[{"taxonomy":"category","embeddable":true,"href":"https:\/\/hcdvillademerlo.com\/index.php\/wp-json\/wp\/v2\/categories?post=11641"},{"taxonomy":"post_tag","embeddable":true,"href":"https:\/\/hcdvillademerlo.com\/index.php\/wp-json\/wp\/v2\/tags?post=11641"}],"curies":[{"name":"wp","href":"https:\/\/api.w.org\/{rel}","templated":true}]}}