{"id":11307,"date":"2025-04-03T09:24:56","date_gmt":"2025-04-03T12:24:56","guid":{"rendered":"https:\/\/hcdvillademerlo.com\/?p=11307"},"modified":"2025-04-03T09:30:48","modified_gmt":"2025-04-03T12:30:48","slug":"sesion-05-2025","status":"publish","type":"post","link":"https:\/\/hcdvillademerlo.com\/index.php\/2025\/04\/03\/sesion-05-2025\/","title":{"rendered":"ORDEN DEL D\u00cdA &#8211; SESI\u00d3N ORDINARIA ACTA N\u00b0 005-C.D.-2025 FECHA: 03 DE ABRIL DE 2025"},"content":{"rendered":"\n<p><strong><u>BANDERA:<\/u><\/strong> <strong>Concejal Daniel Oru\u00e9<\/strong>.-<\/p>\n\n\n\n<p><strong><u>De los Despachos de Comisi\u00f3n:<a><\/a><\/u><\/strong><\/p>\n\n\n\n<ul class=\"wp-block-list\">\n<li><strong>&nbsp;&nbsp; Despacho de Comisi\u00f3n<\/strong> <strong>N\u00b0044-C.D.-2025.-<\/strong> Proyecto de Resoluci\u00f3n, en ref.: Declarar de Inter\u00e9s Legislativo la Obra de Construcci\u00f3n del Atrio de la Parroquia Nuestra Se\u00f1ora del Rosario.-<\/li>\n<\/ul>\n\n\n\n<ul class=\"wp-block-list\">\n<li><strong>\u00a0\u00a0 Despacho de Comisi\u00f3n<\/strong> <strong>N\u00b0045-C.D.-2025.-<\/strong> Proyecto de Comunicaci\u00f3n al Intendente Municipal Interino, Sr. Leonardo Rodr\u00edguez, en ref.: remitir documentaci\u00f3n presentada por los representantes de la Parroquia Nuestra Sra. del Rosario, sobre solicitud de autorizaci\u00f3n para construcci\u00f3n de una d\u00e1rsena.-<\/li>\n<\/ul>\n\n\n\n<ul class=\"wp-block-list\">\n<li><strong>Despacho de Comisi\u00f3n<\/strong> <strong>N\u00b0046-C.D.-2025.-<\/strong> Proyecto de Comunicaci\u00f3n a representantes de la Parroquia Nuestra Sra. del Rosario, sobre solicitud de autorizaci\u00f3n para construcci\u00f3n de una d\u00e1rsena y comunicarles que concurran al Municipio, a fin de que suministren cuestiones t\u00e9cnicas respecto a lo solicitado.-<\/li>\n<\/ul>\n\n\n\n<p><strong><u>De los Informes y\/o Solicitudes del DEM.-<\/u><\/strong><\/p>\n\n\n\n<ul class=\"wp-block-list\">\n<li><strong>Nota R. N\u00ba 056-C.D.-2025.- <\/strong>\u00a0Intendente Municipal Interino, Sr. Leonardo Rodr\u00edguez, invita a la celebraci\u00f3n del 20\u00b0 Aniversario de la Marat\u00f3n H\u00e9roes de Malvinas, a realizarse del 4 al 6 de abril, en nuestra ciudad.-<\/li>\n<\/ul>\n\n\n\n<p><strong>(Se sugiere toma de conocimiento y pase a Archivo)<\/strong><\/p>\n\n\n\n<ul class=\"wp-block-list\">\n<li><strong>Nota R. N\u00ba 057-C.D.-2025.- <\/strong>Secretario de Gobierno y Deporte, Dr. Francisco Oviedo, remite nota de la Direcci\u00f3n de Catastro, en respuesta a la Comunicaci\u00f3n N\u00b0 005-C.D.-2025, e informa que los datos catastrales establecidos en la Ordenanza N\u00b0 1109-H.C.D.-2008, son correctos y contin\u00faan vigentes en la actualidad.-<\/li>\n<\/ul>\n\n\n\n<p><strong>(Se sugiere pase a la Comisi\u00f3n \u201cA\u201d de Planeamiento Urbano y Ambiente).-<\/strong><\/p>\n\n\n\n<ul class=\"wp-block-list\">\n<li><strong>Nota R. N\u00ba 059-C.D.-2025.-<\/strong> Jefe del \u00c1rea Bromatolog\u00eda de la Municipalidad de la Villa de Merlo, Sr. Juan Cruz Estrada, responde Comunicaci\u00f3n N\u00b0 027-C.D.-2025, e informa que la convocatoria a reuni\u00f3n, debe ser dirigida a la Secretar\u00eda de Hacienda por orden del Sr. Bruno Mini.-<\/li>\n<\/ul>\n\n\n\n<p><strong>(Se sugiere pase a la Comisi\u00f3n \u201cA\u201d de Planeamiento Urbano y Ambiente).-<\/strong><\/p>\n\n\n\n<p><strong><u>De las Peticiones y\/o Asuntos Particulares:<\/u><\/strong><strong><u><\/u><\/strong><\/p>\n\n\n\n<ul class=\"wp-block-list\">\n<li><strong>Nota R. N\u00ba 058-C.D.-2025.-<\/strong> Asociaci\u00f3n Autismo San Luis-Sede Villa de Merlo, eleva nota en ref.: solicitud de avanzar en la regulaci\u00f3n de la Ordenanza II-0896-H.C.D.-2019: Sistema de inclusi\u00f3n y abordaje integral de personas con Trastornos de Espectro Autista (TEA).-<\/li>\n<\/ul>\n\n\n\n<p><strong>(Se sugiere pase a la Comisi\u00f3n \u201cB\u201d de Econom\u00eda y Gobierno.-<\/strong><\/p>\n\n\n\n<ul class=\"wp-block-list\">\n<li><strong>Nota R. N\u00ba 061-C.D.-2025.- <\/strong>Agrupaci\u00f3n Juvannat, solicita respuesta en relaci\u00f3n a la exposici\u00f3n de la Banca Ciudadana realizada el 13.03.2025.-<\/li>\n<\/ul>\n\n\n\n<p><strong>(Se sugiere pase a la Comisi\u00f3n \u201cA\u201d de Planeamiento Urbano y Ambiente).-<\/strong><\/p>\n\n\n\n<p><strong><u>De los Proyectos y\/o Propuestas de las Concejal\u00edas:<\/u><\/strong>&nbsp;<\/p>\n\n\n\n<ul class=\"wp-block-list\">\n<li><strong>Nota R. N\u00ba 060-C.D.-2024<\/strong>.- Concejal del Bloque Fuerza Renovadora, Lic. Gast\u00f3n Fonseca, Concejalas del Interbloque Uni\u00f3n por Merlo, Prof. Virginia Morales y Sra. Ana Laura Ferrarotti y Concejal del Bloque Socialismo Merlino, Sr. Daniel Oru\u00e9, elevan Proyectode Decreto, en ref.: Exigir al D.E.M. que reglamente la Ordenanza N\u00b0 II-0896-H.C.D.-2019 que crea el Programa Municipal de Abordaje Temprano para personas con Condici\u00f3n del Espectro Autista.-<\/li>\n<\/ul>\n\n\n\n<p><strong>(Se sugiere pase a la Comisi\u00f3n \u201cB\u201d de Econom\u00eda y Gobierno.-<\/strong><\/p>\n\n\n\n<p>&nbsp;<strong><u>DE LOS ENTES<\/u><\/strong><\/p>\n\n\n\n<div class=\"wp-block-file btn-descarga-ordenanza\"><a id=\"wp-block-file--media-c5f151f1-72d2-4151-bd40-b7d5ec4e2d03\" href=\"https:\/\/hcdvillademerlo.com\/wp-content\/uploads\/2025\/04\/ORDEN-DEL-DIA-ACTA-N\u00b0-005-03.04.25.pdf\" target=\"_blank\" rel=\"noreferrer noopener\">ORDEN DEL D\u00cdA ACTA N\u00b0 005-03.04.25<\/a><a href=\"https:\/\/hcdvillademerlo.com\/wp-content\/uploads\/2025\/04\/ORDEN-DEL-DIA-ACTA-N\u00b0-005-03.04.25.pdf\" class=\"wp-block-file__button wp-element-button\" download aria-describedby=\"wp-block-file--media-c5f151f1-72d2-4151-bd40-b7d5ec4e2d03\"><i class=\"fa fa-download\"><\/i>Descargar orden del d\u00eda<\/a><\/div>\n","protected":false},"excerpt":{"rendered":"<p>BANDERA: Concejal Daniel Oru\u00e9.- De los Despachos de Comisi\u00f3n: De los Informes y\/o Solicitudes del DEM.- (Se sugiere toma de conocimiento y pase a Archivo) (Se sugiere pase a la Comisi\u00f3n \u201cA\u201d de Planeamiento Urbano y Ambiente).- (Se sugiere pase a la Comisi\u00f3n \u201cA\u201d de Planeamiento Urbano y Ambiente).- De las Peticiones y\/o Asuntos Particulares:<\/p><\/div>\n<div class=\"blog-btn\"><a href=\"https:\/\/hcdvillademerlo.com\/index.php\/2025\/04\/03\/sesion-05-2025\/\" class=\"home-blog-btn\">Leer m\u00e1s<\/a><\/p>\n","protected":false},"author":1,"featured_media":0,"comment_status":"closed","ping_status":"open","sticky":false,"template":"","format":"standard","meta":{"footnotes":""},"categories":[7],"tags":[],"class_list":["post-11307","post","type-post","status-publish","format-standard","hentry","category-orden-del-dia"],"_links":{"self":[{"href":"https:\/\/hcdvillademerlo.com\/index.php\/wp-json\/wp\/v2\/posts\/11307","targetHints":{"allow":["GET"]}}],"collection":[{"href":"https:\/\/hcdvillademerlo.com\/index.php\/wp-json\/wp\/v2\/posts"}],"about":[{"href":"https:\/\/hcdvillademerlo.com\/index.php\/wp-json\/wp\/v2\/types\/post"}],"author":[{"embeddable":true,"href":"https:\/\/hcdvillademerlo.com\/index.php\/wp-json\/wp\/v2\/users\/1"}],"replies":[{"embeddable":true,"href":"https:\/\/hcdvillademerlo.com\/index.php\/wp-json\/wp\/v2\/comments?post=11307"}],"version-history":[{"count":2,"href":"https:\/\/hcdvillademerlo.com\/index.php\/wp-json\/wp\/v2\/posts\/11307\/revisions"}],"predecessor-version":[{"id":11311,"href":"https:\/\/hcdvillademerlo.com\/index.php\/wp-json\/wp\/v2\/posts\/11307\/revisions\/11311"}],"wp:attachment":[{"href":"https:\/\/hcdvillademerlo.com\/index.php\/wp-json\/wp\/v2\/media?parent=11307"}],"wp:term":[{"taxonomy":"category","embeddable":true,"href":"https:\/\/hcdvillademerlo.com\/index.php\/wp-json\/wp\/v2\/categories?post=11307"},{"taxonomy":"post_tag","embeddable":true,"href":"https:\/\/hcdvillademerlo.com\/index.php\/wp-json\/wp\/v2\/tags?post=11307"}],"curies":[{"name":"wp","href":"https:\/\/api.w.org\/{rel}","templated":true}]}}