{"id":11074,"date":"2024-10-31T09:32:59","date_gmt":"2024-10-31T12:32:59","guid":{"rendered":"https:\/\/hcdvillademerlo.com\/?p=11074"},"modified":"2024-10-31T10:13:05","modified_gmt":"2024-10-31T13:13:05","slug":"sesion-032-2024","status":"publish","type":"post","link":"https:\/\/hcdvillademerlo.com\/index.php\/2024\/10\/31\/sesion-032-2024\/","title":{"rendered":"ORDEN DEL D\u00cdA &#8211; SESI\u00d3N ORDINARIA ACTA N\u00b0 032-C.D.-2024 FECHA: 31 DE OCTUBRE DE 2024"},"content":{"rendered":"\n<p><strong><u>BANDERA:<\/u><\/strong> <strong>Concejala Patricia Morand\u00e9<\/strong>.-<\/p>\n\n\n\n<p><strong><u>De los Despachos de Comisi\u00f3n:<a><\/a><\/u><\/strong><\/p>\n\n\n\n<ul class=\"wp-block-list\">\n<li><strong>Despacho de Comisi\u00f3n<\/strong><strong>N\u00b0203-C.D.-2024.-<\/strong> Proyecto de Ordenanza, en ref.: Presupuesto de Gastos y C\u00e1lculo de Recursos para el Ejercicio 2025.-<\/li>\n<\/ul>\n\n\n\n<ul class=\"wp-block-list\">\n<li><strong>\u00a0\u00a0 Despacho de Comisi\u00f3n<\/strong> <strong>N\u00b0204-C.D.-2024.-<\/strong> Proyecto de Ordenanza, en ref.: Prevenci\u00f3n Sanitaria y Controles de Vectores en la Jurisdicci\u00f3n de la Villa de Merlo.-<\/li>\n<\/ul>\n\n\n\n<ul class=\"wp-block-list\">\n<li><strong>\u00a0\u00a0 Despacho de Comisi\u00f3n<\/strong> <strong>N\u00b0205-C.D.-2024.-<\/strong> Proyecto de Resoluci\u00f3n, en ref.: Declarar de Inter\u00e9s Municipal el Primer Encuentro de Inteligencia Artificial, a realizarse en la Villa de Merlo el d\u00eda 8 de noviembre de 2024.-<\/li>\n<\/ul>\n\n\n\n<ul class=\"wp-block-list\">\n<li><strong>Despacho de Comisi\u00f3n<\/strong> <strong>N\u00b0206-C.D.-2024.-<\/strong> Proyecto de Resoluci\u00f3n, en ref.: Declarar de Inter\u00e9s P\u00fablico Municipal el \u201cProyecto Peatonal en Casco Hist\u00f3rico\u201d, que ensambla las calles Janson y Juan de Videla, de nuestra Villa de Merlo y presentado por la Familia Almena.-<\/li>\n<\/ul>\n\n\n\n<ul class=\"wp-block-list\">\n<li><strong>Despacho de Comisi\u00f3n<\/strong> <strong>N\u00b0207-C.D.-2024.-<\/strong> Proyecto de Comunicaci\u00f3n a la Direcci\u00f3n de Zoonosis, Dra. Celeste Guti\u00e9rrez, en ref.: enviar copia de Nota R. N\u00b0 264-C.D.-2024, presentada por la Sra. Cristina Aurora Caetolini, quien informa situaci\u00f3n producida por perros peligrosos.-<\/li>\n<\/ul>\n\n\n\n<ul class=\"wp-block-list\">\n<li><strong>Despacho de Comisi\u00f3n<\/strong> <strong>N\u00b0208-C.D.-2024.-<\/strong> Proyecto de Comunicaci\u00f3n a la Sra. Cristina Aurora Caetolini, en ref.: enviar copia de lo actuado por Nota R. N\u00b0 264-C.D.-2024, donde informa situaci\u00f3n producida por perros peligrosos.-<\/li>\n<\/ul>\n\n\n\n<p><a><strong><u>De los Informes y\/o Solicitudes del DEM:<\/u><\/strong><\/a><\/p>\n\n\n\n<ul class=\"wp-block-list\">\n<li><strong>Nota R. N\u00ba 288-C.D.-2024.- <\/strong>Direcci\u00f3n de Obras Privadas de la Municipalidad de la Villa de Merlo, M.M.O. Isaura Leir\u00eda, eleva solicitud emitida por el profesional actuante, sobre Proyecto para remodelaci\u00f3n edilicia en zona del Casco Hist\u00f3rico de la Villa de Merlo.-<\/li>\n<\/ul>\n\n\n\n<p><strong>(Se sugiere pase a la Comisi\u00f3n \u201cA\u201d de Planeamiento Urbano y Ambiente).-<\/strong><\/p>\n\n\n\n<p><strong><u>De las Peticiones y\/o Asuntos Particulares:<\/u><\/strong><strong> <\/strong><strong><\/strong><\/p>\n\n\n\n<ul class=\"wp-block-list\">\n<li><strong>Nota R. N\u00ba 286-C.D.-2024.- <\/strong>Lic. Claudio Javier Botto, presenta alocuci\u00f3n realizada en Audiencia P\u00fablica sobre tema: Gesti\u00f3n, Administraci\u00f3n y Uso del agua Potable en el Ejidode la Villa de Merlo.-<\/li>\n<\/ul>\n\n\n\n<p><strong>(Se sugiere pase a Ambas Comisiones de Trabajo. Expte. Proyecto de Gesti\u00f3n del Agua)<\/strong><\/p>\n\n\n\n<p><strong><u>De los Proyectos y\/o Propuestas de las Concejal\u00edas:<\/u><\/strong>&nbsp;<\/p>\n\n\n\n<ul class=\"wp-block-list\">\n<li><strong>Nota R. N\u00ba 289-C.D.-2024<\/strong>.- Concejalas del Bloque Uni\u00f3n por Merlo, Sra. Ana Laura Ferrarotti y Prof. Virginia Morales, Concejal del Bloque Fuerza Renovadora, Lic. Gast\u00f3n Fonseca y Concejal del Bloque Socialismo Merlino, Sr. Daniel Orue, elevan Proyecto de Resoluci\u00f3n, en ref.: Establecer Obligatoriedad de realizaci\u00f3n de controles Toxicol\u00f3gicos, en el \u00e1mbito del Poder Ejecutivo Municipal de la Villa de Merlo.-<\/li>\n<\/ul>\n\n\n\n<p><strong><u>DE LOS ENTES<\/u><\/strong><\/p>\n\n\n\n<div class=\"wp-block-file\"><a id=\"wp-block-file--media-9e787977-cdd8-4a70-a8c7-87f119661291\" href=\"https:\/\/hcdvillademerlo.com\/wp-content\/uploads\/2024\/10\/ORDEN-DEL-DIA-ACTA-N\u00b0-032-31.10.24.pdf\" target=\"_blank\" rel=\"noreferrer noopener\">ORDEN DEL D\u00cdA ACTA N\u00b0 032-31.10.24<\/a><a href=\"https:\/\/hcdvillademerlo.com\/wp-content\/uploads\/2024\/10\/ORDEN-DEL-DIA-ACTA-N\u00b0-032-31.10.24.pdf\" class=\"wp-block-file__button wp-element-button\" download aria-describedby=\"wp-block-file--media-9e787977-cdd8-4a70-a8c7-87f119661291\">Descargar orden del d\u00eda<\/a><\/div>\n","protected":false},"excerpt":{"rendered":"<p>BANDERA: Concejala Patricia Morand\u00e9.- De los Despachos de Comisi\u00f3n: De los Informes y\/o Solicitudes del DEM: (Se sugiere pase a la Comisi\u00f3n \u201cA\u201d de Planeamiento Urbano y Ambiente).- De las Peticiones y\/o Asuntos Particulares: (Se sugiere pase a Ambas Comisiones de Trabajo. Expte. Proyecto de Gesti\u00f3n del Agua) De los Proyectos y\/o Propuestas de las<\/p><\/div>\n<div class=\"blog-btn\"><a href=\"https:\/\/hcdvillademerlo.com\/index.php\/2024\/10\/31\/sesion-032-2024\/\" class=\"home-blog-btn\">Leer m\u00e1s<\/a><\/p>\n","protected":false},"author":1,"featured_media":0,"comment_status":"closed","ping_status":"open","sticky":false,"template":"","format":"standard","meta":{"footnotes":""},"categories":[7],"tags":[],"class_list":["post-11074","post","type-post","status-publish","format-standard","hentry","category-orden-del-dia"],"_links":{"self":[{"href":"https:\/\/hcdvillademerlo.com\/index.php\/wp-json\/wp\/v2\/posts\/11074","targetHints":{"allow":["GET"]}}],"collection":[{"href":"https:\/\/hcdvillademerlo.com\/index.php\/wp-json\/wp\/v2\/posts"}],"about":[{"href":"https:\/\/hcdvillademerlo.com\/index.php\/wp-json\/wp\/v2\/types\/post"}],"author":[{"embeddable":true,"href":"https:\/\/hcdvillademerlo.com\/index.php\/wp-json\/wp\/v2\/users\/1"}],"replies":[{"embeddable":true,"href":"https:\/\/hcdvillademerlo.com\/index.php\/wp-json\/wp\/v2\/comments?post=11074"}],"version-history":[{"count":4,"href":"https:\/\/hcdvillademerlo.com\/index.php\/wp-json\/wp\/v2\/posts\/11074\/revisions"}],"predecessor-version":[{"id":11079,"href":"https:\/\/hcdvillademerlo.com\/index.php\/wp-json\/wp\/v2\/posts\/11074\/revisions\/11079"}],"wp:attachment":[{"href":"https:\/\/hcdvillademerlo.com\/index.php\/wp-json\/wp\/v2\/media?parent=11074"}],"wp:term":[{"taxonomy":"category","embeddable":true,"href":"https:\/\/hcdvillademerlo.com\/index.php\/wp-json\/wp\/v2\/categories?post=11074"},{"taxonomy":"post_tag","embeddable":true,"href":"https:\/\/hcdvillademerlo.com\/index.php\/wp-json\/wp\/v2\/tags?post=11074"}],"curies":[{"name":"wp","href":"https:\/\/api.w.org\/{rel}","templated":true}]}}