{"id":1106,"date":"2016-04-28T12:24:29","date_gmt":"2016-04-28T15:24:29","guid":{"rendered":"http:\/\/hcdvillademerlo.com.ar.j8a.com.ar\/?p=1106"},"modified":"2021-12-01T15:03:09","modified_gmt":"2021-12-01T18:03:09","slug":"figuras-protocolora","status":"publish","type":"post","link":"https:\/\/hcdvillademerlo.com\/index.php\/2016\/04\/28\/figuras-protocolora\/","title":{"rendered":"ORDENANZA N\u00ba 949-HCD-2005: FIGURAS PROTOCOLARES"},"content":{"rendered":"<p style=\"text-align: right;\"><span style=\"vertical-align: inherit;\"><span style=\"vertical-align: inherit;\">Villa de Merlo, 07 de diciembre de 2005.-<\/span><\/span><\/p>\n<p>&nbsp;<\/p>\n<p style=\"text-align: center;\"><span style=\"text-decoration: underline;\"><strong><span style=\"vertical-align: inherit;\"><span style=\"vertical-align: inherit;\">ORDENANZA N\u00ba 949-HCD-2005<\/span><\/span><\/strong><\/span><\/p>\n<p><span style=\"text-decoration: underline;\"><strong><span style=\"vertical-align: inherit;\"><span style=\"vertical-align: inherit;\">VISTO:<\/span><\/span><\/strong><\/span><br \/>\n<span style=\"vertical-align: inherit;\"><span style=\"vertical-align: inherit;\">La falta de un marco regulador del punto 8\u00ba, del Art\u00edculo N\u00ba 1\u00ba, de la Ordenanza N\u00ba 921-HCD-2005, y:<\/span><\/span><br \/>\n&nbsp;<br \/>\n<span style=\"text-decoration: underline;\"><strong><span style=\"vertical-align: inherit;\"><span style=\"vertical-align: inherit;\">CONSIDERANDO:<\/span><\/span><\/strong><\/span><br \/>\n<span style=\"vertical-align: inherit;\"><span style=\"vertical-align: inherit;\">Que por Nota Recibida N\u00ba 1446-HCD-2005, los Concejales Mario W. Nicoletti y Julio Valdarenas, advierten de dicha omisi\u00f3n.-<\/span><\/span><br \/>\n<span style=\"vertical-align: inherit;\"><span style=\"vertical-align: inherit;\">Que es necesario agregar el art\u00edculo correspondiente al punto 8\u00ba del art. <\/span><span style=\"vertical-align: inherit;\">1\u00ba, de la mencionada norma a fin de su completitividad, ya que dicho punto carece de una figura protocolar.-<\/span><\/span><br \/>\n<span style=\"vertical-align: inherit;\"><span style=\"vertical-align: inherit;\">Lo que es es necesario incorporar a la norma el caso de los Alumnos Egresados \u200b\u200bde los Establecimientos Educativos Polimodales que existen en la Villa, como mejores promedios.-<\/span><\/span><br \/>\nQue a los fines de ordenar la mencionada norma se torna necesario dictar la presente como texto ordenado.-<br \/>\nQue ingres\u00f3 la Nota R. N\u00ba 951-HCD-05, como Proyecto de Ordenanza, presentado por el Bloque del Movimiento Vecinal Merlino.-<br \/>\nQue existe la necesidad de clarificar a trav\u00e9s de un marco legal las distintas figuras protocolares que existen en el \u00e1mbito municipal y determinar las condiciones para la Declaraci\u00f3n de Inter\u00e9s Municipal a eventos, actos, realizaciones o encuentros organizados en nuestra villa y;1<br \/>\nQue a menudo visitan nuestra villa distintas personalidades que se han destacado en el \u00e1mbito cultural, cient\u00edfico, deportivo, etc&#8230;<br \/>\nQue tambi\u00e9n existen vecinos que por sus acciones merecen el reconocimiento de sus pares y de sus autoridades.-<br \/>\nQue se organizan actividades que constituyen verdaderos aportes al desarrollo ciudadano.-<br \/>\nQue en todos los casos el Municipio debe fomentar y apoyar la educaci\u00f3n, la cultura, el deporte y todas las manifestaciones del hombre que propendan a su desarrollo arm\u00f3nico e integral.-<br \/>\nQue se hace necesario efectuar un ordenamiento\u00a0 de los procedimientos administrativos que se aplican a los fines de proceder a la Declaraci\u00f3n de Inter\u00e9s Municipal a aquellos eventos que originados en condiciones naturales o motivaciones econ\u00f3micas, culturales, deportivas, hist\u00f3ricas o folcl\u00f3ricas se realicen en nuestra villa constituyendo importantes acontecimientos.-<br \/>\n&nbsp;<br \/>\n<strong>POR TODO LO EXPUESTO, EL HONORABLE CONCEJO DELIBERANTE DE LA CIUDAD VILLA DE MERLO, SAN LUIS, EN USO DE LAS ATRIBUCIONES QUE LE CONFIERE LA LEY SANCIONA LA SIGUIENTE:<\/strong><br \/>\n&nbsp;<\/p>\n<p style=\"text-align: center;\"><span style=\"text-decoration: underline;\"><strong>ORDENANZA<\/strong><\/span><\/p>\n<p style=\"text-align: center;\"><strong>CAPITULO I<\/strong><\/p>\n<p style=\"text-align: center;\"><strong>DE LOS RECONOCIMIENTOS<\/strong><\/p>\n<p><strong>Art.1\u00ba).-\u00a0\u00a0\u00a0\u00a0\u00a0\u00a0<\/strong>\u00a0\u00a0\u00a0\u00a0\u00a0\u00a0\u00a0\u00a0 Instit\u00fayanse en el \u00e1mbito de la Ciudad Villa de Merlo los siguientes t\u00edtulos:<\/p>\n<ul>\n<li>VISITANTE ILUSTRE DE LA CIUDAD VILLA DE MERLO<\/li>\n<li>HUESPED DE HONOR DE LA CIUDAD VILLA DE MERLO<\/li>\n<li>VECINO EJEMPLAR DE LA CIUDAD VILLA DE MERLO<\/li>\n<li>CIUDADANO ILUSTRE DE LA CIUDAD VILLA DE MERLO<\/li>\n<li>HUESPED OFICIAL DEL GOBIERNO DE LA CIUDAD VILLA DE MERLO<\/li>\n<li>HUESPED OFICIAL DEL HONORABLE CONCEJO DELIBERANTE DE LA CIUDAD VILLA DE MERLO.<\/li>\n<li>NI\u00d1OS Y JOVENES DESTACADOS.-<\/li>\n<li>INSTITUCIONES DEL TERCER SECTOR.-(ONGs; Asoc. Vecinales; Cooperadoras; etc.)<\/li>\n<li>ALUMNOS EGRESADOS DE POLIMODALES (Mejores Promedios).-<\/li>\n<\/ul>\n<p>Se incluyen en la presente los siguientes reconocimientos ya\u00a0 instituidos:<\/p>\n<ul>\n<li>PREMIO VALLE DEL SOL: establecido por Ordenanza N\u00ba 454-HCD-1990<\/li>\n<li>SOL DE ORO: otorgado por el DEM como s\u00edmbolo de reconocimiento a aquellas personas, instituciones, empresas, etc. que con su accionar apoyan y revalorizan de manera destacada la Fiesta Nacional \u201cValle del Sol\u201d que se realiza cada mes de febrero desde el a\u00f1o 1973.-<\/li>\n<li>HOMENAJE A LOS MAYORES: otorgado por el DEM\u00a0 el d\u00eda 1\u00ba de enero de cada a\u00f1o como parte de los actos en celebraci\u00f3n de la Fundaci\u00f3n de la Villa de Merlo.-<\/li>\n<\/ul>\n<p>Esta distinci\u00f3n se otorga de acuerdo a la propuesta de los Centros Vecinales de cada barrio de la ciudad.-<\/p>\n<ul>\n<li>CARGO DE INTENDENTE NI\u00d1O: Establecido por ORDENANZA 460-HCD-1990.-<\/li>\n<\/ul>\n<p><strong>Art.2\u00ba).-\u00a0\u00a0\u00a0<\/strong>\u00a0\u00a0\u00a0\u00a0\u00a0\u00a0\u00a0\u00a0\u00a0\u00a0\u00a0 VISITANTE ILUSTRE:<br \/>\nLa distinci\u00f3n de VISITANTE ILUSTRE DE LA CIUDAD VILLA DE MERLO podr\u00e1 ser otorgada a los Jefes de Estado y de Gobierno, Vicepresidentes, m\u00e1ximas jerarqu\u00edas eclesi\u00e1sticas de las diferentes confesiones religiosas (reconocidas por el Estado Argentino), presidentes de poderes extranjeros que se encuentren de visita oficial en la ciudad, y dem\u00e1s personalidades de jerarqu\u00eda equivalente. El otorgamiento se har\u00e1 mediante Decreto Municipal y tendr\u00e1 vigencia durante el lapso para el cual fuera dispuesta la declaraci\u00f3n.-<br \/>\n<strong>Art.3\u00ba).-\u00a0\u00a0\u00a0\u00a0\u00a0\u00a0<\/strong>\u00a0\u00a0\u00a0\u00a0\u00a0\u00a0\u00a0\u00a0 La distinci\u00f3n consistir\u00e1 en una placa recordatoria con el escudo oficial de la Ciudad Villa de Merlo y un Diploma en una ceremonia presidida por el\u00a0 Intendente Municipal y el Presidente del HCD.-<br \/>\n<strong>Art.4\u00ba).-\u00a0\u00a0\u00a0\u00a0\u00a0<\/strong>\u00a0\u00a0\u00a0\u00a0\u00a0\u00a0\u00a0\u00a0\u00a0 HUESPED DE HONOR:<br \/>\nLa distinci\u00f3n de HUESPED DE HONOR DE LA CIUDAD VILLA DE MERLO, podr\u00e1 ser otorgado a visitantes extranjeros que se encuentren de visita oficial en nuestra villa y que revistan las jerarqu\u00edas de\u00a0 Ministros, Jueces de la Suprema Corte de Justicia, Embajadores, Intendentes, Alcaldes, legisladores, Comandantes en Jefe de las Fuerzas Armadas y cargos similares, Tenientes Generales, Almirantes, Brigadieres Generales y dem\u00e1s funcionarios de jerarqu\u00eda considerando las normas org\u00e1nicas de cada pa\u00eds. Asimismo podr\u00e1 otorgarse a personalidades extranjeras que se hayan destacado en la cultura, la pol\u00edtica, el deporte, las ciencias y otras ramas de las actividades humanas o hayan prestado relevantes servicios a la villa o a sus habitantes, haci\u00e9ndose acreedor al reconocimiento general. Tendr\u00e1 vigencia durante el lapso para el cual fuera dispuesta la declaraci\u00f3n.-<br \/>\n<strong>Art.5\u00ba).-\u00a0\u00a0\u00a0\u00a0\u00a0\u00a0\u00a0<\/strong>\u00a0\u00a0\u00a0\u00a0\u00a0\u00a0\u00a0 La distinci\u00f3n ser\u00e1 concedida mediante Decreto del Intendente Municipal y consistir\u00e1 en la entrega en conjunto con el Honorable Concejo Deliberante de una placa con el escudo oficial de la Ciudad Villa de Merlo y un diploma.-<br \/>\n<strong>Art.6\u00ba).-\u00a0\u00a0\u00a0\u00a0\u00a0\u00a0<\/strong>\u00a0\u00a0\u00a0\u00a0\u00a0\u00a0\u00a0\u00a0 VECINO EJEMPLAR:<br \/>\nLa distinci\u00f3n de VECINO EJEMPLAR DE LA CIUDAD VILLA DE MERLO ser\u00e1 concedida a aquellas personas que en forma desinteresada hubieran ejecutado pr\u00e1cticas continuadas de tipo solidario, que se destaquen por sus valores humanos, que posean car\u00e1cter ejemplificador para el conjunto de la comunidad avalados por la misma, mediante Decreto del Intendente Municipal o Resoluci\u00f3n del HCD.-<br \/>\n<strong>Art.7\u00ba).-\u00a0\u00a0\u00a0\u00a0\u00a0<\/strong>\u00a0\u00a0\u00a0\u00a0\u00a0\u00a0\u00a0\u00a0\u00a0 La distinci\u00f3n ser\u00e1 otorgada por el Intendente Municipal en conjunto con el HCD y consistir\u00e1 en la entrega de un Diploma y medalla recordatoria con el escudo oficial de la Ciudad Villa de Merlo, en acto p\u00fablico.-<br \/>\n<strong>Art.8\u00ba).-\u00a0\u00a0\u00a0\u00a0\u00a0\u00a0\u00a0\u00a0<\/strong>\u00a0\u00a0\u00a0\u00a0\u00a0\u00a0 CIUDADANO ILUSTRE:<br \/>\nLa distinci\u00f3n de CIUDADANO ILUSTRE DE LA CIUDAD VILLA DE Merlo ser\u00e1 otorgada a personas vivas y que hayan residido en la ciudad durante quince (15) a\u00f1os consecutivos como m\u00ednimo y que posean m\u00e9ritos\u00a0 y valores indiscutidos en beneficio de la villa y sus vecinos, en el campo de la pol\u00edtica, la cultura, el deporte, las ciencias y la defensa de los derechos humanos y sociales y del medio ambiente.-<br \/>\n<strong>Art.9\u00ba).-\u00a0\u00a0<\/strong>\u00a0\u00a0\u00a0\u00a0\u00a0\u00a0\u00a0\u00a0\u00a0\u00a0\u00a0\u00a0 La distinci\u00f3n consiste en la entrega de placa con escudo oficial de la ciudad\u00a0 y un diploma suscripto por el Intendente Municipal y el Presidente del HCD.-<br \/>\n<strong>Art.10\u00ba).-\u00a0\u00a0<\/strong>\u00a0\u00a0\u00a0\u00a0\u00a0\u00a0\u00a0\u00a0 La distinci\u00f3n ser\u00e1 otorgada por el HCD de la Ciudad Villa de Merlo a propuesta del Intendente Municipal, el Presidente del HCD, un Concejal o cualquier particular o instituci\u00f3n legalmente reconocida.-<br \/>\n<strong>Art.11\u00ba).-\u00a0\u00a0\u00a0\u00a0\u00a0\u00a0\u00a0\u00a0<\/strong>\u00a0\u00a0 HUESPED OFICIAL DEL GOBIERNO:<br \/>\nSer\u00e1n declarados HUESPED OFICIAL DEL GOBIERNO DE LA CIUDAD VILLA DE MERLO aquellas personalidades y funcionarios que sean invitados a visitar la villa a propuesta y cargo de la Intendencia cuando la presencia de los mismos resulte de inter\u00e9s especial para la Villa. Tendr\u00e1 vigencia durante el lapso para el cual fuera dispuesta la Declaraci\u00f3n.-<br \/>\n<strong>Art.12\u00ba).-\u00a0\u00a0\u00a0\u00a0\u00a0\u00a0\u00a0<\/strong>\u00a0\u00a0\u00a0 La Declaraci\u00f3n se har\u00e1 mediante Resoluci\u00f3n del Intendente Municipal y consistir\u00e1 en la entrega\u00a0 de un Diploma y una medalla con el escudo oficial de Villa de Merlo. Tendr\u00e1 vigencia durante el lapso para el cual fuera dispuesta la declaraci\u00f3n.-<br \/>\n<strong>Art.13\u00ba).-\u00a0\u00a0\u00a0<\/strong>\u00a0\u00a0\u00a0\u00a0\u00a0\u00a0\u00a0 HUESPED OFICIAL DEL HONORABLE CONCEJO DELIBERANTE:<br \/>\nSer\u00e1n declarados HUESPEDES OFICIALES DEL HCD DE LA CIUDAD VILLA DE MERLO, aquellas personalidades y funcionarios que sean invitados a visitar la Villa a propuesta y cargo del HCD cuando la visita de los mismos resulte de especial inter\u00e9s para la Villa de Merlo.-<br \/>\n<strong>Art.14\u00ba).-\u00a0\u00a0\u00a0\u00a0\u00a0\u00a0\u00a0<\/strong>\u00a0\u00a0\u00a0 La declaraci\u00f3n se har\u00e1 mediante Ordenanza o Resoluci\u00f3n del HCD, tendr\u00e1 vigencia durante el lapso que dure la misma y consistir\u00e1 en la entrega de Diploma y Medalla con el escudo oficial de la Villa.-<br \/>\n<strong>Art.15\u00ba).-\u00a0\u00a0\u00a0\u00a0\u00a0<\/strong>\u00a0\u00a0\u00a0\u00a0\u00a0 La visita de un hu\u00e9sped oficial no puede\u00a0 prolongarse con cargo del erario p\u00fablico por un lapso mayor de tres (3) d\u00edas, aunque la personalidad invitada expresara el deseo de prolongarlo debe aceptarse siempre la voluntad del visitante si mediaran razones fundadas.-<br \/>\n<strong>Art.16\u00ba).-\u00a0\u00a0\u00a0\u00a0\u00a0\u00a0\u00a0<\/strong>\u00a0\u00a0\u00a0 Las declaraciones de HUESPED OFICIAL ya sea mediante Resoluci\u00f3n u Ordenanza pueden incluir las previsiones en materia de alojamiento, movilidad, seguridad, distinciones, ornamentaciones y gastos de imprenta.-<br \/>\n<strong>Art.17\u00ba).-\u00a0<\/strong>\u00a0\u00a0\u00a0\u00a0\u00a0\u00a0\u00a0\u00a0\u00a0 En cada caso particular se establecer\u00e1 si la cobertura de gastos abarca solo al invitado o a la totalidad de los miembros de la comitiva, si llegara acompa\u00f1ado.-<br \/>\n<strong>Art.18\u00ba).-\u00a0\u00a0\u00a0\u00a0<\/strong>\u00a0\u00a0\u00a0\u00a0\u00a0\u00a0 DE LOS NI\u00d1OS Y JOVENES:<br \/>\nLa distinci\u00f3n NI\u00d1OS Y JOVENES DESTACADOS ser\u00e1 otorgado a aquellos ni\u00f1os y j\u00f3venes residentes en la ciudad Villa de Merlo que se hayan destacado en el \u00e1mbito provincial, nacional o internacional en el campo social, cultural, de las ciencias, deportivo y los derechos humanos.-<br \/>\n<strong>Art.19\u00ba).-\u00a0\u00a0\u00a0\u00a0\u00a0\u00a0<\/strong>\u00a0\u00a0\u00a0\u00a0 La distinci\u00f3n ser\u00e1 concedida mediante Decreto del Intendente Municipal y consistir\u00e1 en la entrega de una placa con el escudo oficial de la Villa.-<br \/>\n<strong>Art.20\u00ba).-\u00a0<\/strong>\u00a0\u00a0\u00a0\u00a0\u00a0\u00a0\u00a0\u00a0\u00a0 DE LAS INSTITUCIONES DEL TERCER SECTOR.- (ONGs; Asoc. Vecinales; Cooperadoras; etc.).-<br \/>\nLa distinci\u00f3n INSTITUCIONES DESTACADAS, ser\u00e1 otorgada a aquellas Instituciones con acciones directas en la Ciudad de la Villa de Merlo, que con una trayectoria significativa se hayan destacado, en el \u00e1mbito social o internacional, cultural, de las ciencias deportivas y derechos humanos.-<br \/>\n<strong>Art.21\u00ba).-\u00a0\u00a0\u00a0\u00a0\u00a0\u00a0<\/strong>\u00a0\u00a0\u00a0\u00a0 Que \u00e9stas distinciones ser\u00e1n concedidas mediante resoluci\u00f3n emanada del H.C.D. de la Villa de Merlo y consistir\u00e1 en una placa con el Escudo Oficial de la Villa de Merlo.-<br \/>\n<strong>Art.22\u00ba).-\u00a0\u00a0\u00a0\u00a0\u00a0\u00a0\u00a0<\/strong>\u00a0\u00a0\u00a0 La distinci\u00f3n ALUMNOS EGRESADOS DE POLIMODALES, (Mejores Promedios), ser\u00e1 otorgada a los alumnos que cursando el \u00faltimo a\u00f1o de los Establecimientos Polimodales de nuestra Villa, obtengan los mejores promedios finales.-<br \/>\n<strong>Art.23\u00ba).-\u00a0\u00a0\u00a0\u00a0\u00a0<\/strong>\u00a0\u00a0\u00a0\u00a0\u00a0 Esta distinci\u00f3n consistir\u00e1 en la entrega de una medalla, la que ser\u00e1 formalizada por un representante del D.E.M. y un Concejal en representaci\u00f3n del H.C.D.-<br \/>\n&nbsp;<\/p>\n<p style=\"text-align: center;\"><strong>CAPITULO II<\/strong><\/p>\n<p style=\"text-align: center;\"><strong>DE LAS DISTINCIONES<\/strong><\/p>\n<p><strong>Art.24\u00ba).-<\/strong>\u00a0\u00a0\u00a0\u00a0\u00a0\u00a0\u00a0\u00a0\u00a0\u00a0 Se instituye en la Ciudad de la Villa de Merlo las siguientes distinciones, que llevaran el nombre a determinar y consistir\u00e1n en:<\/p>\n<ul>\n<li>PLAQUETA\u00a0 con el Escudo oficial de la Villa de Merlo en Bronce.-<\/li>\n<li>MEDALLA DE PLATA con el Escudo Oficial de la Villa de Merlo.-<\/li>\n<li>DIPLOMA con el Escudo oficial de la villa de Merlo en sobre relieve y la distinci\u00f3n correspondiente.-<\/li>\n<\/ul>\n<p>La adquisici\u00f3n de estas distinciones se realizar\u00e1 mediante llamado a concurso cuyos t\u00e9rminos ser\u00e1n reglamentados por el DEM de acuerdo a las normas vigentes.-<br \/>\n&nbsp;<\/p>\n<p style=\"text-align: center;\"><strong>CAPITULO III<\/strong><\/p>\n<p style=\"text-align: center;\"><strong>DECLARACI\u00d3N DE INTER\u00c9S<\/strong><\/p>\n<p><strong>Art.25\u00ba).-\u00a0<\/strong>\u00a0\u00a0\u00a0\u00a0\u00a0\u00a0\u00a0\u00a0\u00a0 Se instituye la figura de reconocimiento \u201cDECLARACI\u00d3N DE INTER\u00c9S MUNICIPAL DE LA CIUDAD VILLA DE MERLO\u201d.-<br \/>\n<strong>Art.26\u00ba).-\u00a0\u00a0\u00a0<\/strong>\u00a0\u00a0\u00a0\u00a0\u00a0\u00a0\u00a0 La Municipalidad de la Ciudad Villa de Merlo podr\u00e1 declarar como de su Inter\u00e9s a congresos, exposiciones, actos deportivos y conmemorativos, simposios, asambleas, reuniones, homenajes y todo otro evento, emprendimiento y\/o proyecto que conlleve impl\u00edcito el aporte en lo social, cultural y econ\u00f3mico para nuestra villa.-<br \/>\n<strong>Art.27\u00ba).-\u00a0\u00a0\u00a0\u00a0<\/strong>\u00a0\u00a0\u00a0\u00a0\u00a0\u00a0 REQUISITOS:<br \/>\nLas solicitudes en las que se requiera la Declaraci\u00f3n de Inter\u00e9s podr\u00e1n ser resueltas favorablemente cuando aporten una positiva contribuci\u00f3n que beneficie la acci\u00f3n\u00a0 que en esas mismas materias desarrollaron el Estado Nacional, Provincial o de la Villa de Merlo.-<br \/>\n<strong>Art.28\u00ba).-\u00a0\u00a0\u00a0\u00a0\u00a0\u00a0<\/strong>\u00a0\u00a0\u00a0\u00a0 Para las\u00a0 declaraciones de Inter\u00e9s General deber\u00e1n observarse y cumplirse las siguientes fundamentaciones y circunstancias:<br \/>\na)\u00a0\u00a0\u00a0\u00a0 debe darse prioridad a las actividades que propendan a la divulgaci\u00f3n, conocimiento, experiencia y extensi\u00f3n de car\u00e1cter cient\u00edfico, cultural, tur\u00edstico, tecnol\u00f3gico, deportivo y cuyas finalidades sean de inter\u00e9s comunitario y\/o\u00a0 recuperen, revaloricen y fortalezcan nuestra identidad cultural.-<br \/>\nb)\u00a0\u00a0\u00a0\u00a0 Deben evaluarse previamente, la trayectoria en la tem\u00e1tica que se presente y sujeta a declaraci\u00f3n de las personas, instituciones y entidades organizadas, las posibilidades econ\u00f3micas de los mismos y la naturaleza y finalidad de los actos. Esta evaluaci\u00f3n estar\u00e1 a cargo de la Direcci\u00f3n de Cultura Municipal o la Comisi\u00f3n del HCD que corresponda.-.<br \/>\nc)\u00a0\u00a0\u00a0\u00a0 Se considerar\u00e1 con especial preferencia aquellos casos de encuentros internacionales, cuando se traduzcan en un significativo aporte a la ense\u00f1anza, experiencia y divulgaci\u00f3n de conocimientos y se derive de ellos inter\u00e9s y repercusi\u00f3n en el extranjero, que permitan apreciar y conocer el alto nivel de desarrollo y perfeccionamiento alcanzado en nuestro pa\u00eds en las distintas materias y disciplinas cient\u00edficas y culturales.-<br \/>\n<strong>Art.29\u00ba).-<\/strong>\u00a0\u00a0\u00a0\u00a0\u00a0\u00a0\u00a0\u00a0\u00a0\u00a0 Dejase establecido que la Declaraci\u00f3n de Inter\u00e9s Municipal no necesariamente implica aporte econ\u00f3mico como disponibilidad de recursos humanos y\/o t\u00e9cnicos por parte de la Comuna y\/o el HCD.-<br \/>\n<strong>Art.30\u00ba).-\u00a0\u00a0\u00a0\u00a0<\/strong>\u00a0\u00a0\u00a0\u00a0\u00a0\u00a0 Otorgada la Declaraci\u00f3n de Inter\u00e9s Municipal, la misma deber\u00e1 figurar en toda menci\u00f3n que se realizara del acontecimiento y por todos los medios gr\u00e1ficos, radiales, televisivos que se utilizaran para tal fin.-<br \/>\n<strong>Art.31\u00ba).-\u00a0\u00a0\u00a0\u00a0\u00a0<\/strong>\u00a0\u00a0\u00a0\u00a0\u00a0 Los organizadores de los mencionados eventos deber\u00e1n prever la entrega con anterioridad a la realizaci\u00f3n del acto de la documentaci\u00f3n espec\u00edfica acerca del mismo (actos, carpetas, grabaciones, filmaciones, peri\u00f3dicos, etc.) en cantidad de dos (2) copias con destino al archivo del HCD y del DEM.-<br \/>\n<strong><span style=\"vertical-align: inherit;\"><span style=\"vertical-align: inherit;\">Art.32\u00ba). <\/span><\/span><\/strong><span style=\"vertical-align: inherit;\"><span style=\"vertical-align: inherit;\">&#8211; Der\u00f3guese la Ordenanza N\u00ba 921-HCD-2005 y toda norma que se oponga a la presente.-<\/span><\/span><br \/>\n<strong><span style=\"vertical-align: inherit;\"><span style=\"vertical-align: inherit;\">Art.33\u00ba) .-\u00a0\u00a0\u00a0<\/span><\/span><\/strong><span style=\"vertical-align: inherit;\"><span style=\"vertical-align: inherit;\"> \u00a0\u00a0\u00a0\u00a0\u00a0\u00a0\u00a0 Comun\u00edquese, Reg\u00edstrese, Publ\u00edquese y Arch\u00edvese.-<\/span><\/span><br \/>\n&nbsp;<br \/>\n<span style=\"vertical-align: inherit;\"><span style=\"vertical-align: inherit;\">Presidente HCD: Ricardo RF Labat<\/span><\/span><br \/>\n<span style=\"vertical-align: inherit;\"><span style=\"vertical-align: inherit;\">Secretario Legislativo HCD: Dr. Jorge H. Flores<\/span><\/span><br \/>\n&nbsp;<br \/>\n&nbsp;<br \/>\n&nbsp;<br \/>\n&nbsp;<br \/>\n&nbsp;<br \/>\n&nbsp;<br \/>\n&nbsp;<br \/>\n&nbsp;<br \/>\n&nbsp;<br \/>\n&nbsp;<br \/>\n&nbsp;<br \/>\n&nbsp;<\/p>\n","protected":false},"excerpt":{"rendered":"<p>Villa de Merlo, 07 de diciembre de 2005.- &nbsp; ORDENANZA N\u00ba 949-HCD-2005 VISTO: La falta de un marco regulador del punto 8\u00ba, del Art\u00edculo N\u00ba 1\u00ba, de la Ordenanza N\u00ba 921-HCD-2005, y: &nbsp; CONSIDERANDO: Que por Nota Recibida N\u00ba 1446-HCD-2005, los Concejales Mario W. Nicoletti y Julio Valdarenas, advierten de dicha omisi\u00f3n.- Que es necesario<\/p><\/div>\n<div class=\"blog-btn\"><a href=\"https:\/\/hcdvillademerlo.com\/index.php\/2016\/04\/28\/figuras-protocolora\/\" class=\"home-blog-btn\">Leer m\u00e1s<\/a><\/p>\n","protected":false},"author":1,"featured_media":0,"comment_status":"closed","ping_status":"open","sticky":false,"template":"","format":"standard","meta":{"footnotes":""},"categories":[315,10],"tags":[229],"class_list":["post-1106","post","type-post","status-publish","format-standard","hentry","category-ordenanzas-2005","category-poder-ejecutivo","tag-protocolo"],"_links":{"self":[{"href":"https:\/\/hcdvillademerlo.com\/index.php\/wp-json\/wp\/v2\/posts\/1106","targetHints":{"allow":["GET"]}}],"collection":[{"href":"https:\/\/hcdvillademerlo.com\/index.php\/wp-json\/wp\/v2\/posts"}],"about":[{"href":"https:\/\/hcdvillademerlo.com\/index.php\/wp-json\/wp\/v2\/types\/post"}],"author":[{"embeddable":true,"href":"https:\/\/hcdvillademerlo.com\/index.php\/wp-json\/wp\/v2\/users\/1"}],"replies":[{"embeddable":true,"href":"https:\/\/hcdvillademerlo.com\/index.php\/wp-json\/wp\/v2\/comments?post=1106"}],"version-history":[{"count":1,"href":"https:\/\/hcdvillademerlo.com\/index.php\/wp-json\/wp\/v2\/posts\/1106\/revisions"}],"predecessor-version":[{"id":7663,"href":"https:\/\/hcdvillademerlo.com\/index.php\/wp-json\/wp\/v2\/posts\/1106\/revisions\/7663"}],"wp:attachment":[{"href":"https:\/\/hcdvillademerlo.com\/index.php\/wp-json\/wp\/v2\/media?parent=1106"}],"wp:term":[{"taxonomy":"category","embeddable":true,"href":"https:\/\/hcdvillademerlo.com\/index.php\/wp-json\/wp\/v2\/categories?post=1106"},{"taxonomy":"post_tag","embeddable":true,"href":"https:\/\/hcdvillademerlo.com\/index.php\/wp-json\/wp\/v2\/tags?post=1106"}],"curies":[{"name":"wp","href":"https:\/\/api.w.org\/{rel}","templated":true}]}}