{"id":1096,"date":"2016-04-27T12:59:41","date_gmt":"2016-04-27T15:59:41","guid":{"rendered":"http:\/\/hcdvillademerlo.com.ar.j8a.com.ar\/?p=1096"},"modified":"2021-12-01T15:00:12","modified_gmt":"2021-12-01T18:00:12","slug":"crea-registro-municipal-de-profesionales-y-tecnicos","status":"publish","type":"post","link":"https:\/\/hcdvillademerlo.com\/index.php\/2016\/04\/27\/crea-registro-municipal-de-profesionales-y-tecnicos\/","title":{"rendered":"CREA REGISTRO MUNICIPAL DE PROFESIONALES Y TECNICOS"},"content":{"rendered":"<p style=\"text-align: right\">\u00a0\u00a0\u00a0\u00a0\u00a0\u00a0\u00a0\u00a0\u00a0\u00a0\u00a0\u00a0\u00a0\u00a0\u00a0\u00a0\u00a0\u00a0\u00a0\u00a0\u00a0\u00a0\u00a0\u00a0\u00a0\u00a0\u00a0\u00a0\u00a0\u00a0\u00a0\u00a0\u00a0\u00a0\u00a0\u00a0\u00a0\u00a0\u00a0\u00a0\u00a0\u00a0\u00a0\u00a0\u00a0\u00a0 Villa de Merlo (S.L.), 09 de Noviembre de 2005.-\n<\/p>\n<p style=\"text-align: center\"><span style=\"text-decoration: underline\"><strong>ORDENANZA N\u00ba 939-HCD-2005<\/strong><\/span><\/p>\n<p><strong>\u00a0\u00a0\u00a0\u00a0\u00a0\u00a0\u00a0\u00a0\u00a0\u00a0\u00a0\u00a0\u00a0\u00a0\u00a0\u00a0\u00a0\u00a0\u00a0\u00a0\u00a0\u00a0\u00a0\u00a0\u00a0\u00a0\u00a0\u00a0\u00a0\u00a0\u00a0\u00a0\u00a0\u00a0\u00a0\u00a0\u00a0\u00a0\u00a0\u00a0\u00a0\u00a0\u00a0\u00a0\u00a0\u00a0\u00a0\u00a0\u00a0\u00a0\u00a0\u00a0\u00a0\u00a0\u00a0<\/strong><strong>\u00a0\u00a0\u00a0<\/strong><br \/>\n<span style=\"text-decoration: underline\"><strong>VISTO:<\/strong><\/span><br \/>\nLa necesidad por parte de la Administraci\u00f3n Municipal de contar con un Registro de Profesionales y T\u00e9cnicos que desarrollen sus actividades en todas las \u00e1reas, dentro de la Villa de Merlo; y<br \/>\n&nbsp;<br \/>\n<span style=\"text-decoration: underline\"><strong>CONSIDERANDO<\/strong><\/span>:<br \/>\nQue la Ordenanza N\u00ba 835-HCD-2003, establece la creaci\u00f3n de un registro para los profesionales de la construcci\u00f3n de la Villa de Merlo.-<br \/>\nQue la Ordenanza N\u00ba 860-HCD-2004, al referirse a la actividad inmobiliaria, tambi\u00e9n cre\u00f3 un registro de los profesionales que se desempe\u00f1an en ese \u00e1mbito.-<br \/>\nQue resulta necesario contar con un Registro de Profesionales y T\u00e9cnicos que desarrollen sus tareas en nuestra Villa, exhibi\u00e9ndose el mismo o poni\u00e9ndolo a disposici\u00f3n a \u00e9ste en el Edificio Municipal, cuesti\u00f3n \u00e9sta que sirve sin lugar a dudas a los mismos profesionales que se dan a conocer de \u00e9sta manera, y al p\u00fablico en general para localizar los mismos.-<br \/>\nQue al mismo tiempo, \u00e9ste Registro servir\u00e1 para que la Administraci\u00f3n Municipal pueda fiscalizar y controlar la autenticidad de los t\u00edtulos que se presenten y la idoneidad de los inscriptos.-<br \/>\nQue a los fines de aunar criterios sobre el tema, se considera apropiado la creaci\u00f3n de un Registro de Profesionales y T\u00e9cnicos.-<br \/>\n<strong>POR TODO ELLO ESTE HONORABLE CONCEJO DELIBERANTE DE LA CIUDAD DE LA VILLA DE MERLO, SAN LUIS, EN USO DE LAS FACULTADES Y ATRIBUCIONES QUE LE CONFIERE LA LEY, PRODUCE LA SIGUIENTE:<\/strong><br \/>\n&nbsp;<\/p>\n<p style=\"text-align: center\"><span style=\"text-decoration: underline\"><strong>ORDENANZA<\/strong><\/span>\n<\/p>\n<p><strong>Art.1\u00ba)<\/strong> <strong>CREASE<\/strong>, el Registro Municipal de Profesionales y T\u00e9cnicos, de todas las \u00e1reas, que desarrollen tareas dentro del \u00e9jido del Municipio de Merlo.-<br \/>\n<strong>Art.2\u00ba)<\/strong> El mismo estar\u00e1 a cargo de la Secretar\u00eda de Gobierno del Municipio.-<br \/>\n<strong>Art.3\u00ba)<\/strong> Su n\u00f3mina se exhibir\u00e1 en un transparente en el Edificio Municipal y estar\u00e1 a disposici\u00f3n de las personas que lo soliciten.-<br \/>\n<strong>Art.4\u00ba)<\/strong> Ser\u00e1 obligatorio para todos los profesionales, de todas las \u00e1reas, que desarrollen sus tareas en el ejido municipal, inscribirse en \u00e9ste Registro, el cual expedir\u00e1 la constancia correspondiente de la inscripci\u00f3n realizada.-<br \/>\n<strong>Art.5\u00ba)<\/strong> Requi\u00e9rase al D.E.M. para que en un plazo de treinta (30) d\u00edas contados desde la promulgaci\u00f3n de la presente Ordenanza, realice una convocatoria p\u00fablica a fin de que todos los profesionales, que correspondan inscribirse en el Registro, ordenados y separados por las disciplinas a las cuales cada uno de ellos pertenezca, se inscriban en el mismo, debiendo darse amplia difusi\u00f3n por los medios de comunicaci\u00f3n locales, de los requisitos y lugar donde deban presentarse las solicitudes de inscripci\u00f3n.-<br \/>\n<strong>Art.6\u00ba)<\/strong> Comun\u00edquese, Reg\u00edstrese, Publ\u00edquese y Arch\u00edvese.-<br \/>\n&nbsp;<br \/>\nPresidente H.C.D.: Ricardo Rodolfo F. Labat<br \/>\nSecretario Legislativo H.C.D.: Dr. Jorge Huberto Flores<\/p>\n","protected":false},"excerpt":{"rendered":"<p>\u00a0\u00a0\u00a0\u00a0\u00a0\u00a0\u00a0\u00a0\u00a0\u00a0\u00a0\u00a0\u00a0\u00a0\u00a0\u00a0\u00a0\u00a0\u00a0\u00a0\u00a0\u00a0\u00a0\u00a0\u00a0\u00a0\u00a0\u00a0\u00a0\u00a0\u00a0\u00a0\u00a0\u00a0\u00a0\u00a0\u00a0\u00a0\u00a0\u00a0\u00a0\u00a0\u00a0\u00a0\u00a0\u00a0 Villa de Merlo (S.L.), 09 de Noviembre de 2005.- ORDENANZA N\u00ba 939-HCD-2005 \u00a0\u00a0\u00a0\u00a0\u00a0\u00a0\u00a0\u00a0\u00a0\u00a0\u00a0\u00a0\u00a0\u00a0\u00a0\u00a0\u00a0\u00a0\u00a0\u00a0\u00a0\u00a0\u00a0\u00a0\u00a0\u00a0\u00a0\u00a0\u00a0\u00a0\u00a0\u00a0\u00a0\u00a0\u00a0\u00a0\u00a0\u00a0\u00a0\u00a0\u00a0\u00a0\u00a0\u00a0\u00a0\u00a0\u00a0\u00a0\u00a0\u00a0\u00a0\u00a0\u00a0\u00a0\u00a0\u00a0\u00a0\u00a0 VISTO: La necesidad por parte de la Administraci\u00f3n Municipal de contar con un Registro de Profesionales y T\u00e9cnicos que desarrollen sus actividades en todas las \u00e1reas, dentro de la Villa de Merlo; y &nbsp; CONSIDERANDO: Que la Ordenanza N\u00ba 835-HCD-2003, establece<\/p><\/div>\n<div class=\"blog-btn\"><a href=\"https:\/\/hcdvillademerlo.com\/index.php\/2016\/04\/27\/crea-registro-municipal-de-profesionales-y-tecnicos\/\" class=\"home-blog-btn\">Leer m\u00e1s<\/a><\/p>\n","protected":false},"author":1,"featured_media":0,"comment_status":"closed","ping_status":"open","sticky":false,"template":"","format":"standard","meta":{"footnotes":""},"categories":[20,315],"tags":[],"class_list":["post-1096","post","type-post","status-publish","format-standard","hentry","category-hacienda","category-ordenanzas-2005"],"_links":{"self":[{"href":"https:\/\/hcdvillademerlo.com\/index.php\/wp-json\/wp\/v2\/posts\/1096","targetHints":{"allow":["GET"]}}],"collection":[{"href":"https:\/\/hcdvillademerlo.com\/index.php\/wp-json\/wp\/v2\/posts"}],"about":[{"href":"https:\/\/hcdvillademerlo.com\/index.php\/wp-json\/wp\/v2\/types\/post"}],"author":[{"embeddable":true,"href":"https:\/\/hcdvillademerlo.com\/index.php\/wp-json\/wp\/v2\/users\/1"}],"replies":[{"embeddable":true,"href":"https:\/\/hcdvillademerlo.com\/index.php\/wp-json\/wp\/v2\/comments?post=1096"}],"version-history":[{"count":1,"href":"https:\/\/hcdvillademerlo.com\/index.php\/wp-json\/wp\/v2\/posts\/1096\/revisions"}],"predecessor-version":[{"id":7641,"href":"https:\/\/hcdvillademerlo.com\/index.php\/wp-json\/wp\/v2\/posts\/1096\/revisions\/7641"}],"wp:attachment":[{"href":"https:\/\/hcdvillademerlo.com\/index.php\/wp-json\/wp\/v2\/media?parent=1096"}],"wp:term":[{"taxonomy":"category","embeddable":true,"href":"https:\/\/hcdvillademerlo.com\/index.php\/wp-json\/wp\/v2\/categories?post=1096"},{"taxonomy":"post_tag","embeddable":true,"href":"https:\/\/hcdvillademerlo.com\/index.php\/wp-json\/wp\/v2\/tags?post=1096"}],"curies":[{"name":"wp","href":"https:\/\/api.w.org\/{rel}","templated":true}]}}