{"id":10727,"date":"2024-08-16T09:49:11","date_gmt":"2024-08-16T12:49:11","guid":{"rendered":"https:\/\/hcdvillademerlo.com\/?p=10727"},"modified":"2024-08-16T09:49:11","modified_gmt":"2024-08-16T12:49:11","slug":"informe-de-sesion-ordinaria-n-21-15-de-agosto-de-2024","status":"publish","type":"post","link":"https:\/\/hcdvillademerlo.com\/index.php\/2024\/08\/16\/informe-de-sesion-ordinaria-n-21-15-de-agosto-de-2024\/","title":{"rendered":"Informe de Sesi\u00f3n Ordinaria N\u00b0 21 \u2013 15 de Agosto de 2024"},"content":{"rendered":"\n<p>Hoy jueves 15 de agosto se llev\u00f3 a cabo la Sesi\u00f3n Ordinaria N\u00b0 21 en presencia de los ediles: Presidente del Concejo Sr. Leonardo Rodr\u00edguez, Concejal Dra. Mar\u00eda Jos\u00e9 \u00c1lvarez, Concejal Prof. Virginia Morales, Concejal Lic. Gast\u00f3n Fonseca, Concejal Prof. \u00c1ngela Ventura, Concejal Mgtr. Patricia Morand\u00e9, Concejal Sr. Ezequiel Cuello, concejal Sra. Ana Ferrarotti, Sr. Daniel Oru\u00e9 y Sr. Jorge Cornejo.<\/p>\n\n\n\n<p><strong>Se aprob\u00f3 por mayor\u00eda:<\/strong><\/p>\n\n\n\n<p>Balance del Departamento Ejecutivo Municipal, correspondiente al Primer, segundo, tercer y cuarto Trimestre del a\u00f1o 2023.<\/p>\n\n\n\n<p>-Afirmativa: Presidente del Concejo Sr. Leonardo Rodr\u00edguez, Concejal Dra. Mar\u00eda Jos\u00e9 \u00c1lvarez, Concejal Prof. \u00c1ngela Ventura, Concejal Mgtr. Patricia Morand\u00e9, Concejal Sr. Ezequiel Cuello y Concejal Sr. Jorge Cornejo.<\/p>\n\n\n\n<p>-Negativa: Concejal Prof. Virginia Morales, Concejal Lic. Gast\u00f3n Fonseca, concejal Sra. Ana Ferrarotti y Concejal Sr. Daniel Oru\u00e9.<\/p>\n\n\n\n<p><strong>Se aprobaron por unanimidad:<\/strong><\/p>\n\n\n\n<p>Proyecto de Comunicaci\u00f3n a la Jueza de Faltas Municipal, Dra. Erika Coy, para convocarla a reuni\u00f3n con la Comisi\u00f3n de Planeamiento Urbano y Ambiente, el d\u00eda lunes 26-08-2024, a las 16:30hs., a fin de dialogar sobre temas varios referidos al Juzgado a su cargo.<\/p>\n\n\n\n<p>Proyecto de Comunicaci\u00f3n al Sr. Pablo Sgubini y la Sra. Daiana Silva Dault, para invitarlos a una reuni\u00f3n con la Comisi\u00f3n de Econom\u00eda y Gobierno, el martes 27-08-2024, a las 17:30hs., a fin de dialogar sobre la revisi\u00f3n de la Ordenanza Tarifaria.<\/p>\n\n\n\n<p><strong>Pasaron a Comisi\u00f3n B de Econom\u00eda y Gobierno:<\/strong><\/p>\n\n\n\n<p>Agencia Merlina de Desarrollo Productivo, eleva Balance, correspondiente al Ejercicio 2022, tal lo establecido mediante la Ordenanza N\u00b0 VII-0929-H.C.D.-2020.-<\/p>\n\n\n\n<p>Agencia Merlina de Desarrollo Productivo, eleva Balance, correspondiente al Ejercicio 2023, tal lo establecido mediante la Ordenanza N\u00b0 VII-0929-H.C.D.-2020<\/p>\n","protected":false},"excerpt":{"rendered":"<p>Hoy jueves 15 de agosto se llev\u00f3 a cabo la Sesi\u00f3n Ordinaria N\u00b0 21 en presencia de los ediles: Presidente del Concejo Sr. Leonardo Rodr\u00edguez, Concejal Dra. Mar\u00eda Jos\u00e9 \u00c1lvarez, Concejal Prof. Virginia Morales, Concejal Lic. Gast\u00f3n Fonseca, Concejal Prof. \u00c1ngela Ventura, Concejal Mgtr. Patricia Morand\u00e9, Concejal Sr. Ezequiel Cuello, concejal Sra. Ana Ferrarotti, Sr.<\/p><\/div>\n<div class=\"blog-btn\"><a href=\"https:\/\/hcdvillademerlo.com\/index.php\/2024\/08\/16\/informe-de-sesion-ordinaria-n-21-15-de-agosto-de-2024\/\" class=\"home-blog-btn\">Leer m\u00e1s<\/a><\/p>\n","protected":false},"author":1,"featured_media":10728,"comment_status":"closed","ping_status":"open","sticky":false,"template":"","format":"standard","meta":{"footnotes":""},"categories":[4],"tags":[],"class_list":["post-10727","post","type-post","status-publish","format-standard","has-post-thumbnail","hentry","category-noticias"],"_links":{"self":[{"href":"https:\/\/hcdvillademerlo.com\/index.php\/wp-json\/wp\/v2\/posts\/10727","targetHints":{"allow":["GET"]}}],"collection":[{"href":"https:\/\/hcdvillademerlo.com\/index.php\/wp-json\/wp\/v2\/posts"}],"about":[{"href":"https:\/\/hcdvillademerlo.com\/index.php\/wp-json\/wp\/v2\/types\/post"}],"author":[{"embeddable":true,"href":"https:\/\/hcdvillademerlo.com\/index.php\/wp-json\/wp\/v2\/users\/1"}],"replies":[{"embeddable":true,"href":"https:\/\/hcdvillademerlo.com\/index.php\/wp-json\/wp\/v2\/comments?post=10727"}],"version-history":[{"count":1,"href":"https:\/\/hcdvillademerlo.com\/index.php\/wp-json\/wp\/v2\/posts\/10727\/revisions"}],"predecessor-version":[{"id":10729,"href":"https:\/\/hcdvillademerlo.com\/index.php\/wp-json\/wp\/v2\/posts\/10727\/revisions\/10729"}],"wp:featuredmedia":[{"embeddable":true,"href":"https:\/\/hcdvillademerlo.com\/index.php\/wp-json\/wp\/v2\/media\/10728"}],"wp:attachment":[{"href":"https:\/\/hcdvillademerlo.com\/index.php\/wp-json\/wp\/v2\/media?parent=10727"}],"wp:term":[{"taxonomy":"category","embeddable":true,"href":"https:\/\/hcdvillademerlo.com\/index.php\/wp-json\/wp\/v2\/categories?post=10727"},{"taxonomy":"post_tag","embeddable":true,"href":"https:\/\/hcdvillademerlo.com\/index.php\/wp-json\/wp\/v2\/tags?post=10727"}],"curies":[{"name":"wp","href":"https:\/\/api.w.org\/{rel}","templated":true}]}}