{"id":10593,"date":"2024-07-05T09:12:07","date_gmt":"2024-07-05T12:12:07","guid":{"rendered":"https:\/\/hcdvillademerlo.com\/?p=10593"},"modified":"2024-07-05T09:12:08","modified_gmt":"2024-07-05T12:12:08","slug":"informe-de-sesion-ordinaria-n-15-04-de-julio-de-2024","status":"publish","type":"post","link":"https:\/\/hcdvillademerlo.com\/index.php\/2024\/07\/05\/informe-de-sesion-ordinaria-n-15-04-de-julio-de-2024\/","title":{"rendered":"Informe de Sesi\u00f3n Ordinaria N\u00b0 15 \u2013 04 de Julio de 2024"},"content":{"rendered":"\n<p><strong>Hoy jueves 04 de julio se llev\u00f3 a cabo la Sesi\u00f3n Ordinaria N\u00b015 en presencia de los Ediles:<\/strong> Presidente del Concejo Sr. Leonardo Rodr\u00edguez, Concejal Dra. Mar\u00eda Jos\u00e9 \u00c1lvarez, Concejal Prof. Virginia Morales, Concejal Lic. Gast\u00f3n Fonseca, Concejal Prof. \u00c1ngela Ventura, Concejal Mgtr. Patricia Morand\u00e9, Concejal Sr. Ezequiel Cuello, Concejal Sra. Ana Ferrarotti, Sr. Daniel Oru\u00e9 y Sr. Jorge Cornejo.<\/p>\n\n\n\n<p>Se aprob\u00f3 por mayor\u00eda el Proyecto de Ordenanza que autoriza al Departamento Ejecutivo Municipal a formalizar contratos de Leasing Financiero con el Banco Hipotecario S.A., destinado a la adquisici\u00f3n de dos camiones IVECO y bienes registrables que completen el monto autorizado.<\/p>\n\n\n\n<p>Se aprob\u00f3 por unanimidad el Proyecto de Ordenanza, que autoriza Cuadro Tarifario del Servicio de Remises de la Villa de Merlo (Julio 2024).<\/p>\n\n\n\n<p>Se aprob\u00f3 por unanimidad el Proyecto de Ordenanza que autoriza Cuadro Tarifario del Servicio de Taxis de la Villa de Merlo (Julio 2024).<\/p>\n\n\n\n<p>Se aprob\u00f3 por unanimidad el Proyecto de Resoluci\u00f3n que declara de Inter\u00e9s Municipal la Propuesta Paisaj\u00edstica de Dise\u00f1o de los Jardines del Nuevo Templo \u201cNuestra Se\u00f1ora del Rosario\u201d.<\/p>\n\n\n\n<p>Se aprob\u00f3 por unanimidad el Proyecto de Comunicaci\u00f3n al Intendente Municipal, Dr. Juan \u00c1lvarez Pinto, con el objetivo de convocarlo a una reuni\u00f3n con la Comisi\u00f3n de Planeamiento Urbano y Ambiente, el lunes 22 de julio, a las 16:30hs., a fin de tratar diversos temas referidos al Parque Calaguala de Cerro de Oro.<\/p>\n\n\n\n<p>Se aprob\u00f3 por unanimidad el Proyecto de Comunicaci\u00f3n a la Direcci\u00f3n de Obras Privadas de la Municipalidad de la Villa de Merlo, M.M.O. Isaura Leir\u00eda, en referencia a la copia de Nota R. N\u00b0 137-C.D.-2024, de vecinos de Cerro de Oro y solicitarle informe respecto a lo planteado por los mismos.<\/p>\n\n\n\n<p>Se aprob\u00f3 por unanimidad el Proyecto de Comunicaci\u00f3n a los vecinos de Cerro de Oro, como respuesta a la Nota R. N\u00b0 137-C.D.-2024, e informar lo actuado respecto al tema planteado.<\/p>\n","protected":false},"excerpt":{"rendered":"<p>Hoy jueves 04 de julio se llev\u00f3 a cabo la Sesi\u00f3n Ordinaria N\u00b015 en presencia de los Ediles: Presidente del Concejo Sr. Leonardo Rodr\u00edguez, Concejal Dra. Mar\u00eda Jos\u00e9 \u00c1lvarez, Concejal Prof. Virginia Morales, Concejal Lic. Gast\u00f3n Fonseca, Concejal Prof. \u00c1ngela Ventura, Concejal Mgtr. Patricia Morand\u00e9, Concejal Sr. Ezequiel Cuello, Concejal Sra. Ana Ferrarotti, Sr. Daniel<\/p><\/div>\n<div class=\"blog-btn\"><a href=\"https:\/\/hcdvillademerlo.com\/index.php\/2024\/07\/05\/informe-de-sesion-ordinaria-n-15-04-de-julio-de-2024\/\" class=\"home-blog-btn\">Leer m\u00e1s<\/a><\/p>\n","protected":false},"author":1,"featured_media":10594,"comment_status":"closed","ping_status":"closed","sticky":false,"template":"","format":"standard","meta":{"footnotes":""},"categories":[4],"tags":[],"class_list":["post-10593","post","type-post","status-publish","format-standard","has-post-thumbnail","hentry","category-noticias"],"_links":{"self":[{"href":"https:\/\/hcdvillademerlo.com\/index.php\/wp-json\/wp\/v2\/posts\/10593","targetHints":{"allow":["GET"]}}],"collection":[{"href":"https:\/\/hcdvillademerlo.com\/index.php\/wp-json\/wp\/v2\/posts"}],"about":[{"href":"https:\/\/hcdvillademerlo.com\/index.php\/wp-json\/wp\/v2\/types\/post"}],"author":[{"embeddable":true,"href":"https:\/\/hcdvillademerlo.com\/index.php\/wp-json\/wp\/v2\/users\/1"}],"replies":[{"embeddable":true,"href":"https:\/\/hcdvillademerlo.com\/index.php\/wp-json\/wp\/v2\/comments?post=10593"}],"version-history":[{"count":1,"href":"https:\/\/hcdvillademerlo.com\/index.php\/wp-json\/wp\/v2\/posts\/10593\/revisions"}],"predecessor-version":[{"id":10595,"href":"https:\/\/hcdvillademerlo.com\/index.php\/wp-json\/wp\/v2\/posts\/10593\/revisions\/10595"}],"wp:featuredmedia":[{"embeddable":true,"href":"https:\/\/hcdvillademerlo.com\/index.php\/wp-json\/wp\/v2\/media\/10594"}],"wp:attachment":[{"href":"https:\/\/hcdvillademerlo.com\/index.php\/wp-json\/wp\/v2\/media?parent=10593"}],"wp:term":[{"taxonomy":"category","embeddable":true,"href":"https:\/\/hcdvillademerlo.com\/index.php\/wp-json\/wp\/v2\/categories?post=10593"},{"taxonomy":"post_tag","embeddable":true,"href":"https:\/\/hcdvillademerlo.com\/index.php\/wp-json\/wp\/v2\/tags?post=10593"}],"curies":[{"name":"wp","href":"https:\/\/api.w.org\/{rel}","templated":true}]}}