{"id":10587,"date":"2024-07-04T09:16:19","date_gmt":"2024-07-04T12:16:19","guid":{"rendered":"https:\/\/hcdvillademerlo.com\/?p=10587"},"modified":"2024-07-04T09:30:21","modified_gmt":"2024-07-04T12:30:21","slug":"orden-del-dia-sesion-ordinaria-acta-n-015-c-d-2024-fecha-04-de-julio-de-2024","status":"publish","type":"post","link":"https:\/\/hcdvillademerlo.com\/index.php\/2024\/07\/04\/orden-del-dia-sesion-ordinaria-acta-n-015-c-d-2024-fecha-04-de-julio-de-2024\/","title":{"rendered":"ORDEN DEL D\u00cdA &#8211; SESI\u00d3N ORDINARIA ACTA N\u00b0 015-C.D.-2024 FECHA: 04 DE JULIO DE 2024"},"content":{"rendered":"\n<p><strong><u>BANDERA:<\/u><\/strong><strong> <\/strong>Concejal Patricia Morand\u00e9.-<\/p>\n\n\n\n<p><strong><u>ENTREGA DE DIPLOMAS:<\/u><\/strong><\/p>\n\n\n\n<ul class=\"wp-block-list\">\n<li><strong>RECONOCER <\/strong>el m\u00e9rito cultural del \u00e1lbum musical &#8220;Peque\u00f1as Canciones Nocturnas&#8221;, lanzado en 2023 por el grupo Chingones, por su contribuci\u00f3n a la cultura, educaci\u00f3n y desarrollo art\u00edstico de la localidad de Villa de Merlo. Resoluci\u00f3n N\u00b0 2363-C.D.-2024.-<\/li>\n<\/ul>\n\n\n\n<p><strong><u>De los Despachos de Comisi\u00f3n:<a><\/a><\/u><\/strong><\/p>\n\n\n\n<ul class=\"wp-block-list\">\n<li><strong>Despacho de Comisi\u00f3n<\/strong> <strong>N\u00b0 095-C.D.-2024.- <\/strong>Proyecto de Ordenanza, en ref.: <strong>AUTORIZAR <\/strong>al Departamento Ejecutivo Municipal, a formalizar contratos de Leasing Financiero con el Banco Hipotecario S.A., destinado a la adquisici\u00f3n de dos camiones IVECO y bienes registrables que completen el monto autorizado.-<\/li>\n<\/ul>\n\n\n\n<ul class=\"wp-block-list\">\n<li><strong>Despacho de Comisi\u00f3n<\/strong> <strong>N\u00b0 096-C.D.-2024.- <\/strong>Proyecto de Ordenanza, en ref.: Autorizar Cuadro Tarifario del Servicio de Remises de la Villa de Merlo (Julio 2024).-<\/li>\n<\/ul>\n\n\n\n<ul class=\"wp-block-list\">\n<li><strong>Despacho de Comisi\u00f3n<\/strong> <strong>N\u00b0 097-C.D.-2024.- <\/strong>Proyecto de Ordenanza, en ref.: Autorizar Cuadro Tarifario del Servicio de Taxis de la Villa de Merlo (Julio 2024).-<\/li>\n<\/ul>\n\n\n\n<ul class=\"wp-block-list\">\n<li><strong>Despacho de Comisi\u00f3n<\/strong> <strong>N\u00b0098-C.D.-2024.- <\/strong>Proyecto de Resoluci\u00f3n, en ref.: <strong>DECLARAR <\/strong>de Inter\u00e9s Municipal la Propuesta Paisaj\u00edstica de Dise\u00f1o de los Jardines del Nuevo Templo \u201cNuestra Se\u00f1ora del Rosario\u201d.-<\/li>\n<\/ul>\n\n\n\n<ul class=\"wp-block-list\">\n<li><strong>Despacho de Comisi\u00f3n<\/strong> <strong>N\u00b0 099-C.D.-2024.- <\/strong>Proyecto de Comunicaci\u00f3n al Intendente Municipal, Dr. Juan \u00c1lvarez Pinto, en ref.: convocarlo a una reuni\u00f3n con la Comisi\u00f3n de Planeamiento Urbano y Ambiente, el lunes 22 de julio, a las 16:30hs., a fin de tratar diversos temas referidos al Parque Calaguala de Cerro de Oro.-<\/li>\n<\/ul>\n\n\n\n<ul class=\"wp-block-list\">\n<li><strong>Despacho de Comisi\u00f3n<\/strong> <strong>N\u00b0 100-C.D.-2024.- <\/strong>Proyecto de Comunicaci\u00f3n a la Direcci\u00f3n de Obras Privadas de la Municipalidad de la Villa de Merlo, M.M.O. Isaura Leir\u00eda, en ref.: enviar copia de Nota R. N\u00b0 137-C.D.-2024, de vecinos de Cerro de Oro y solicitarle informe respecto a lo planteado por los mismos.-<\/li>\n<\/ul>\n\n\n\n<ul class=\"wp-block-list\">\n<li><strong>Despacho de Comisi\u00f3n<\/strong> <strong>N\u00b0 101-C.D.-2024.- <\/strong>Proyecto de Comunicaci\u00f3n a los vecinos de Cerro de Oro, en ref.: responder Nota R. N\u00b0 137-C.D.-2024, e informar lo actuado respecto al tema planteado.-<\/li>\n<\/ul>\n\n\n\n<ul class=\"wp-block-list\">\n<li><strong>Despacho de Comisi\u00f3n<\/strong> <strong>N\u00b0 102-C.D.-2024.- <\/strong>Proyecto de Comunicaci\u00f3n al Sr. Cristino Vernaz, en ref.: responder Nota R. N\u00b0 133-C.D.-2024 y convocarlo a reuni\u00f3n con la Comisi\u00f3n de Econom\u00eda y Gobierno, el martes 30 de julio, a las 17:30hs, a fin de dialogar sobre situaci\u00f3n del Centro de Jubilados \u201cVolver a Empezar\u201d.-<\/li>\n<\/ul>\n\n\n\n<ul class=\"wp-block-list\">\n<li><strong>Despacho de Comisi\u00f3n<\/strong> <strong>N\u00b0 103-C.D.-2024.- <\/strong>Proyecto de Comunicaci\u00f3n a la Secretar\u00eda de Gobierno y Deportes, Dr. Francisco Oviedo, en ref.: solicitarle tenga a bien dar curso al Expte. formado en el Municipio, respecto a denuncias&nbsp; realizadas por el Ing. Alberto Gonz\u00e1lez.-<\/li>\n<\/ul>\n\n\n\n<ul class=\"wp-block-list\">\n<li><strong>Despacho de Comisi\u00f3n<\/strong> <strong>N\u00b0 104-C.D.-2024.- <\/strong>Proyecto de Comunicaci\u00f3n al Ing. Alberto Gonz\u00e1lez, en ref. informar lo actuado sobre presentaci\u00f3n realizada mediante Nota R. N\u00b0 135-C.D.-2024.-<\/li>\n<\/ul>\n\n\n\n<ul class=\"wp-block-list\">\n<li><strong>Despacho de Comisi\u00f3n<\/strong> <strong>N\u00b0 105-C.D.-2024.- <\/strong>Proyecto de Comunicaci\u00f3n a la Sra. Elisenda Marco Vila, en ref.: enviar copia de Nota R. N\u00b0 128-C.D.-2024, presentada por el Secretario de Ambiente, Producci\u00f3n y Desarrollo Sustentable, Lic. Francisco Leiva, en respuesta a su Proyecto denominado \u201cProyecto Verde\u201d.-<\/li>\n<\/ul>\n\n\n\n<ul class=\"wp-block-list\">\n<li><strong>Despacho de Comisi\u00f3n<\/strong> <strong>N\u00b0 106-C.D.-2024.- <\/strong>Proyecto de Comunicaci\u00f3n a la Sra. Roquelina Magall\u00e1n, en ref.: responder Nota R. N\u00b0 143-C.D.-2024, sobre pedido de informes por nombres de calles, en el Ex loteo Giavelli de Piedra Blanca Abajo.-<\/li>\n<\/ul>\n\n\n\n<ul class=\"wp-block-list\">\n<li><strong>Despacho de Comisi\u00f3n<\/strong> <strong>N\u00b0 107-C.D.-2024.- <\/strong>Proyecto de Comunicaci\u00f3n a los vecinos del Barrio Las Magdalenas, en ref.: enviar copia de informe de San Luis Agua S.E., sobre desborde de Arroyo \u201cEl Tigre\u201d, producido en el a\u00f1o 2023.-<\/li>\n<\/ul>\n\n\n\n<p><strong><u>De las Comunicaciones Oficiales<\/u><\/strong><\/p>\n\n\n\n<ul class=\"wp-block-list\">\n<li><strong>Nota R.<\/strong> <strong>N\u00b0 156-C.D.-2024.- <\/strong>Director del Ente Control de Rutas de la Provincia de San Luis, Sr. Ariel Alejandro P\u00e1ez Quiroga, responde Comunicaci\u00f3n 053-C.D.-2024, sobre Plan de Contingencias de Seguridad Vial, en el sector de la Ruta N\u00b01, donde funciona una escuela de la modalidad Waldorf.-<\/li>\n<\/ul>\n\n\n\n<p><strong>(Se sugiere pase a Comisi\u00f3n \u201cA\u201d de Planeamiento Urbano y Ambiente)<\/strong><\/p>\n\n\n\n<p><strong><u>De los Informes y\/o Solicitudes del DEM:<\/u><\/strong><\/p>\n\n\n\n<ul class=\"wp-block-list\">\n<li><strong>Nota R. N\u00ba 153-C.D.-2024.- <\/strong>Intendente Municipal, Dr. Juan \u00c1lvarez Pinto y Decana de la Facultad de Turismo y Urbanismo de la Universidad Nacional de San Luis, Agustina Generoso, invitan a la presentaci\u00f3n del 1\u00b0 Concurso de Jardines Hoteleros Villa de Merlo, el lunes 01 de julio, a las 10:30hs., en el Campus Universitario de la Facultad de Turismo y Urbanismo.-<\/li>\n<\/ul>\n\n\n\n<p><strong>(Se sugiere toma de conocimiento y pase a Archivo)<\/strong><strong><u><\/u><\/strong><\/p>\n\n\n\n<p><strong><u>De las Peticiones y\/o Asuntos Particulares:<\/u><\/strong><strong> <\/strong><strong><u><\/u><\/strong><\/p>\n\n\n\n<ul class=\"wp-block-list\">\n<li><strong>Nota R. N\u00ba 154-C.D.-2024.- <\/strong>Asociaci\u00f3n de Remises \u201cAlma Comechingones\u201d, eleva nota en ref.: manifestar malestar por el uso de plataformas digitales por parte de la Agencia \u201cNueva Avenida\u201d.-<\/li>\n<\/ul>\n\n\n\n<p><strong>(Se sugiere pase a la Comisi\u00f3n \u201cB\u201d de Econom\u00eda y Gobierno).-<\/strong><\/p>\n\n\n\n<p><strong><u>De los Proyectos y\/o Propuestas de los\/las Concejales\/las:<\/u><\/strong>&nbsp;<\/p>\n\n\n\n<ul class=\"wp-block-list\">\n<li><strong>Nota R. N\u00ba 155-C.D.-2024.- <\/strong>Interbloque Uni\u00f3n por Merlo, eleva &nbsp;Proyecto de Ordenanza, en ref.: Creaci\u00f3n de la Oficina Anticorrupci\u00f3n y \u00c9tica P\u00fablica.-<\/li>\n<\/ul>\n\n\n\n<p><strong>(Se sugiere pase a la Comisi\u00f3n \u201cB\u201d de Econom\u00eda y Gobierno).-<\/strong><\/p>\n\n\n\n<p><strong><u>DE LOS ENTES<\/u><\/strong><\/p>\n\n\n\n<div class=\"wp-block-file\"><a id=\"wp-block-file--media-926e86a8-6882-480a-9f9a-071d979b0cff\" href=\"https:\/\/hcdvillademerlo.com\/wp-content\/uploads\/2024\/07\/ORDEN-DEL-DIA-ACTA-N-015-04-07-24.pdf\" target=\"_blank\" rel=\"noreferrer noopener\">ORDEN-DEL-DIA-ACTA-N-015-04-07-24<\/a><a href=\"https:\/\/hcdvillademerlo.com\/wp-content\/uploads\/2024\/07\/ORDEN-DEL-DIA-ACTA-N-015-04-07-24.pdf\" class=\"wp-block-file__button wp-element-button\" download aria-describedby=\"wp-block-file--media-926e86a8-6882-480a-9f9a-071d979b0cff\">Descargar orden del d\u00eda<\/a><\/div>\n","protected":false},"excerpt":{"rendered":"<p>BANDERA: Concejal Patricia Morand\u00e9.- ENTREGA DE DIPLOMAS: De los Despachos de Comisi\u00f3n: De las Comunicaciones Oficiales (Se sugiere pase a Comisi\u00f3n \u201cA\u201d de Planeamiento Urbano y Ambiente) De los Informes y\/o Solicitudes del DEM: (Se sugiere toma de conocimiento y pase a Archivo) De las Peticiones y\/o Asuntos Particulares: (Se sugiere pase a la Comisi\u00f3n<\/p><\/div>\n<div class=\"blog-btn\"><a href=\"https:\/\/hcdvillademerlo.com\/index.php\/2024\/07\/04\/orden-del-dia-sesion-ordinaria-acta-n-015-c-d-2024-fecha-04-de-julio-de-2024\/\" class=\"home-blog-btn\">Leer m\u00e1s<\/a><\/p>\n","protected":false},"author":1,"featured_media":0,"comment_status":"closed","ping_status":"closed","sticky":false,"template":"","format":"standard","meta":{"footnotes":""},"categories":[7],"tags":[],"class_list":["post-10587","post","type-post","status-publish","format-standard","hentry","category-orden-del-dia"],"_links":{"self":[{"href":"https:\/\/hcdvillademerlo.com\/index.php\/wp-json\/wp\/v2\/posts\/10587","targetHints":{"allow":["GET"]}}],"collection":[{"href":"https:\/\/hcdvillademerlo.com\/index.php\/wp-json\/wp\/v2\/posts"}],"about":[{"href":"https:\/\/hcdvillademerlo.com\/index.php\/wp-json\/wp\/v2\/types\/post"}],"author":[{"embeddable":true,"href":"https:\/\/hcdvillademerlo.com\/index.php\/wp-json\/wp\/v2\/users\/1"}],"replies":[{"embeddable":true,"href":"https:\/\/hcdvillademerlo.com\/index.php\/wp-json\/wp\/v2\/comments?post=10587"}],"version-history":[{"count":2,"href":"https:\/\/hcdvillademerlo.com\/index.php\/wp-json\/wp\/v2\/posts\/10587\/revisions"}],"predecessor-version":[{"id":10591,"href":"https:\/\/hcdvillademerlo.com\/index.php\/wp-json\/wp\/v2\/posts\/10587\/revisions\/10591"}],"wp:attachment":[{"href":"https:\/\/hcdvillademerlo.com\/index.php\/wp-json\/wp\/v2\/media?parent=10587"}],"wp:term":[{"taxonomy":"category","embeddable":true,"href":"https:\/\/hcdvillademerlo.com\/index.php\/wp-json\/wp\/v2\/categories?post=10587"},{"taxonomy":"post_tag","embeddable":true,"href":"https:\/\/hcdvillademerlo.com\/index.php\/wp-json\/wp\/v2\/tags?post=10587"}],"curies":[{"name":"wp","href":"https:\/\/api.w.org\/{rel}","templated":true}]}}