{"id":10548,"date":"2024-06-18T11:00:59","date_gmt":"2024-06-18T14:00:59","guid":{"rendered":"https:\/\/hcdvillademerlo.com\/?p=10548"},"modified":"2024-06-18T11:05:46","modified_gmt":"2024-06-18T14:05:46","slug":"ordenanza-n-xi-1125-c-d-2024-utilizacion-de-luminarias-led","status":"publish","type":"post","link":"https:\/\/hcdvillademerlo.com\/index.php\/2024\/06\/18\/ordenanza-n-xi-1125-c-d-2024-utilizacion-de-luminarias-led\/","title":{"rendered":"ORDENANZA N\u00b0 XI-1125-C.D.-2024 &#8211; UTILIZACI\u00d3N DE LUMINARIAS LED"},"content":{"rendered":"\n<p>&nbsp;&nbsp;&nbsp;&nbsp;&nbsp;&nbsp;&nbsp;&nbsp;&nbsp;&nbsp;&nbsp;&nbsp;&nbsp;&nbsp;&nbsp;&nbsp;&nbsp;&nbsp;&nbsp;&nbsp;&nbsp;&nbsp;&nbsp;&nbsp;&nbsp;&nbsp;&nbsp;&nbsp;&nbsp;&nbsp;&nbsp;&nbsp;&nbsp;&nbsp;&nbsp;&nbsp;&nbsp;&nbsp;&nbsp;&nbsp;&nbsp;&nbsp;&nbsp;&nbsp;&nbsp;&nbsp; &nbsp;&nbsp;&nbsp;&nbsp;&nbsp;&nbsp;&nbsp;&nbsp;&nbsp;&nbsp;&nbsp; Villa de Merlo, (S.L.), 13 de Junio de 2024.-<\/p>\n\n\n\n<p><strong><u>ORDENANZA N\u00b0 XI- 1125-C.D.-2024.-<\/u><\/strong><\/p>\n\n\n\n<p><em><u>\u201cUTILIZACI\u00d3N DE LUMINARIAS LED\u201d<\/u><\/em><\/p>\n\n\n\n<p><strong><u>VISTO<\/u><\/strong><strong>:<\/strong><\/p>\n\n\n\n<p>La Declaraci\u00f3n de la Conferencia de las Naciones Unidas sobre Medio&nbsp;Humano celebrada en Estocolmo en 1972, primera conferencia mundial en hacer del medio ambiente un tema importante;<\/p>\n\n\n\n<p>La Declaraci\u00f3n de la Conferencia de las Naciones Unidas sobre Medio Ambiente y Desarrollo, aprobada por la Asamblea General durante la Cumbre de R\u00edo de Janeiro en 1992;&nbsp;<\/p>\n\n\n\n<p>La Constituci\u00f3n Nacional en su art. 41\u00b0;<\/p>\n\n\n\n<p>Ley General del&nbsp;Ambiente N\u00ba 25.675\/2002 y Decreto Reglamentario N\u00ba 2413\/2002;<\/p>\n\n\n\n<p>La Constituci\u00f3n de la Provincia de San Luis en su art. 47\u00b0, y<\/p>\n\n\n\n<p>La Ordenanza N\u00b0 744-C.D.-2024 T.O.; y:<\/p>\n\n\n\n<p><strong><u>CONSIDERANDO<\/u><\/strong><strong>:<\/strong><\/p>\n\n\n\n<p>Que la Constituci\u00f3n&nbsp;Nacional en su Art\u00edculo N\u00b0 41 establece el derecho de todos los habitantes a gozar de un ambiente sano, equilibrado, apto para el desarrollo humano, y en su p\u00e1rrafo segundo establece: Las autoridades proveer\u00e1n a la protecci\u00f3n de este derecho, a la utilizaci\u00f3n racional de los recursos naturales, a la preservaci\u00f3n del patrimonio natural y cultural y de la diversidad biol\u00f3gica, y a la informaci\u00f3n y educaci\u00f3n ambientales.-<\/p>\n\n\n\n<p>Que la Constituci\u00f3n&nbsp;Provincial en su art\u00edculo N\u00ba 47 p\u00e1rrafo segundo establece: \u201cCorresponde al Estado Provincial prevenir y controlar la contaminaci\u00f3n y sus efectos y las formas perjudiciales de erosi\u00f3n; ordenar el espacio territorial de forma tal que resulten paisajes biol\u00f3gicamente equilibrados. Crear y desarrollar reservas y parques naturales, as\u00ed como clasificar y proteger paisajes, lugares y especies animales y la preservaci\u00f3n de valores culturales de inter\u00e9s hist\u00f3rico o art\u00edstico\u201d.-<\/p>\n\n\n\n<p>Que la Ley Gral. del ambiente N\u00ba 25.675 establece en el Art. N\u00ba 1 los presupuestos m\u00ednimos para el logro de una gesti\u00f3n&nbsp;sustentable y adecuada del ambiente, la preservaci\u00f3n y protecci\u00f3n de la diversidad&nbsp;biol\u00f3gica y la implementaci\u00f3n del desarrollo sustentable; y en su Art. N\u00ba 2 inciso f. Asegurar la&nbsp;conservaci\u00f3n de la diversidad biol\u00f3gica.-<\/p>\n\n\n\n<p>La necesidad de modificar lo reglamentado en cuanto a, alumbrado p\u00fablico en la aprobaci\u00f3n de nuevas subdivisiones, urbanizaciones y loteos. &#8211;<\/p>\n\n\n\n<p>Que consecuentemente se dispone conforme a continuaci\u00f3n se establece.-<\/p>\n\n\n\n<p><strong>POR TODO ELLO EL CONCEJO DELIBERANTE DE LA CIUDAD VILLA DE MERLO (S.L.), EN USO DE LAS FACULTADES Y ATRIBUCIONES QUE LE CONFIERE LA LEY, SANCIONA LA SIGUIENTE:<\/strong><\/p>\n\n\n\n<p><strong><u>ORDENANZA<\/u><\/strong><\/p>\n\n\n\n<p><strong><u>ARTICULO 1\u00b0<\/u><\/strong><strong>:<\/strong> Modificar de manera parcial el punto 4.2.3 de la Ordenanza N\u00b0 744-C.D.-2024 T.O. de Ordenamiento Territorial, en lo que refiere a la subdivisi\u00f3n, urbanizaci\u00f3n y loteos, y el tendido de redes de infraestructura, en el Inciso D; el que quedar\u00e1 expresado del siguiente modo:<\/p>\n\n\n\n<p>D).- Alumbrado P\u00fablico, utilizaci\u00f3n de luminarias, farolas y proyectores de tecnolog\u00eda LED, que debe cumplir con los siguientes requisitos:<\/p>\n\n\n\n<ul class=\"wp-block-list\">\n<li>Rendimiento lum\u00ednico m\u00ednimo: 102 lm\/W.<\/li>\n\n\n\n<li>Temperatura de color 4000 \u00b0K y 6000 \u00b0K.<\/li>\n\n\n\n<li>Driver programable 350\/440\/530 mA.<\/li>\n\n\n\n<li>Vida \u00fatil m\u00ednima de 50.000 horas con el mantenimiento del 70% del flujo lum\u00ednico inicial, seg\u00fan placa\/m\u00f3dulo de LED.<\/li>\n<\/ul>\n\n\n\n<p><strong><u>ARTICULO 2\u00b0<\/u><\/strong><strong>:<\/strong> Incorporase en su oportunidad lo resuelto conforme lo establece la Ordenanza N\u00b0 744-C.D.-2024 T.O. &#8211;<\/p>\n\n\n\n<p><strong><u>ARTICULO 3\u00b0<\/u>:<\/strong> <strong>COMUN\u00cdQUESE, REG\u00cdSTRESE, PUBL\u00cdQUESE Y\u00a0 OPORTUNAMENTE, ARCH\u00cdVESE.<\/strong>&#8211;<\/p>\n\n\n\n<div class=\"wp-block-file btn-descarga-ordenanza\"><a id=\"wp-block-file--media-388d6f92-6ef8-4dcd-a69f-2bf367c16857\" href=\"https:\/\/hcdvillademerlo.com\/wp-content\/uploads\/2024\/06\/O-1125-XI-2024-LUCES-LED.pdf\" target=\"_blank\" rel=\"noreferrer noopener\">O-1125-XI-2024-LUCES-LED<\/a><a href=\"https:\/\/hcdvillademerlo.com\/wp-content\/uploads\/2024\/06\/O-1125-XI-2024-LUCES-LED.pdf\" class=\"wp-block-file__button wp-element-button\" download aria-describedby=\"wp-block-file--media-388d6f92-6ef8-4dcd-a69f-2bf367c16857\"><i class=\"fa fa-download\"><\/i>Descargar ordenanza<\/a><\/div>\n","protected":false},"excerpt":{"rendered":"<p>&nbsp;&nbsp;&nbsp;&nbsp;&nbsp;&nbsp;&nbsp;&nbsp;&nbsp;&nbsp;&nbsp;&nbsp;&nbsp;&nbsp;&nbsp;&nbsp;&nbsp;&nbsp;&nbsp;&nbsp;&nbsp;&nbsp;&nbsp;&nbsp;&nbsp;&nbsp;&nbsp;&nbsp;&nbsp;&nbsp;&nbsp;&nbsp;&nbsp;&nbsp;&nbsp;&nbsp;&nbsp;&nbsp;&nbsp;&nbsp;&nbsp;&nbsp;&nbsp;&nbsp;&nbsp;&nbsp; &nbsp;&nbsp;&nbsp;&nbsp;&nbsp;&nbsp;&nbsp;&nbsp;&nbsp;&nbsp;&nbsp; Villa de Merlo, (S.L.), 13 de Junio de 2024.- ORDENANZA N\u00b0 XI- 1125-C.D.-2024.- \u201cUTILIZACI\u00d3N DE LUMINARIAS LED\u201d VISTO: La Declaraci\u00f3n de la Conferencia de las Naciones Unidas sobre Medio&nbsp;Humano celebrada en Estocolmo en 1972, primera conferencia mundial en hacer del medio ambiente un tema importante; La Declaraci\u00f3n de la Conferencia de las Naciones<\/p><\/div>\n<div class=\"blog-btn\"><a href=\"https:\/\/hcdvillademerlo.com\/index.php\/2024\/06\/18\/ordenanza-n-xi-1125-c-d-2024-utilizacion-de-luminarias-led\/\" class=\"home-blog-btn\">Leer m\u00e1s<\/a><\/p>\n","protected":false},"author":1,"featured_media":0,"comment_status":"closed","ping_status":"closed","sticky":false,"template":"","format":"standard","meta":{"footnotes":""},"categories":[8,347,11],"tags":[],"class_list":["post-10548","post","type-post","status-publish","format-standard","hentry","category-ordenanza","category-ordenanzas-2024","category-poder-judicial"],"_links":{"self":[{"href":"https:\/\/hcdvillademerlo.com\/index.php\/wp-json\/wp\/v2\/posts\/10548","targetHints":{"allow":["GET"]}}],"collection":[{"href":"https:\/\/hcdvillademerlo.com\/index.php\/wp-json\/wp\/v2\/posts"}],"about":[{"href":"https:\/\/hcdvillademerlo.com\/index.php\/wp-json\/wp\/v2\/types\/post"}],"author":[{"embeddable":true,"href":"https:\/\/hcdvillademerlo.com\/index.php\/wp-json\/wp\/v2\/users\/1"}],"replies":[{"embeddable":true,"href":"https:\/\/hcdvillademerlo.com\/index.php\/wp-json\/wp\/v2\/comments?post=10548"}],"version-history":[{"count":3,"href":"https:\/\/hcdvillademerlo.com\/index.php\/wp-json\/wp\/v2\/posts\/10548\/revisions"}],"predecessor-version":[{"id":10553,"href":"https:\/\/hcdvillademerlo.com\/index.php\/wp-json\/wp\/v2\/posts\/10548\/revisions\/10553"}],"wp:attachment":[{"href":"https:\/\/hcdvillademerlo.com\/index.php\/wp-json\/wp\/v2\/media?parent=10548"}],"wp:term":[{"taxonomy":"category","embeddable":true,"href":"https:\/\/hcdvillademerlo.com\/index.php\/wp-json\/wp\/v2\/categories?post=10548"},{"taxonomy":"post_tag","embeddable":true,"href":"https:\/\/hcdvillademerlo.com\/index.php\/wp-json\/wp\/v2\/tags?post=10548"}],"curies":[{"name":"wp","href":"https:\/\/api.w.org\/{rel}","templated":true}]}}